
{"id":22412,"date":"2017-03-23T00:00:00","date_gmt":"2017-03-22T23:00:00","guid":{"rendered":"https:\/\/przedszkole61.edu.wroclaw.pl\/index.php\/2017\/03\/23\/eko-kwiaty-rozstrzygniecie-konkursu-rodzinnego\/"},"modified":"2021-04-02T13:32:54","modified_gmt":"2021-04-02T11:32:54","slug":"eko-kwiaty-rozstrzygniecie-konkursu-rodzinnego","status":"publish","type":"post","link":"https:\/\/przedszkole61.edu.wroclaw.pl\/index.php\/2017\/03\/23\/eko-kwiaty-rozstrzygniecie-konkursu-rodzinnego\/","title":{"rendered":"&#8222;Eko &#8211; kwiaty&#8221; Rozstrzygni\u0119cie konkursu rodzinnego"},"content":{"rendered":"<p><strong>23 marca 2017<\/strong> odby\u0142o si\u0119 uroczyste rozstrzygni\u0119cie Rodzinnego konkursu plastyczno &#8211; ekologicznego pt. &#8222;Eko &#8211; kwiaty&#8221;. Celem konkursu by\u0142o: propagowanie w\u015br\u00f3d dzieci zachowa\u0144 proekologicznych, dostrzeganie pi\u0119kna natury i znaczenia ochrony \u015brodowiska poprzez powt\u00f3rne wykorzystanie materia\u0142\u00f3w odpadowych oraz rozwijanie inwencji tw\u00f3rczej i kreatywno\u015bci. <!--more-->Konkurs cieszy\u0142 si\u0119 ogromnym zainteresowaniem, wzi\u0119\u0142o w nim udzia\u0142 a\u017c 45 przedszkolak\u00f3w wraz z rodzicami. Wszystkie prace konkursowe wzbudzi\u0142y zachwyt organizator\u00f3w konkursu, zaskoczy\u0142y oryginalno\u015bci\u0105 wykonania i pomys\u0142owo\u015bci\u0105 oraz sposobem wykorzystania i \u0142\u0105czenia r\u00f3\u017cnorodnych, niepotrzebnych na pierwszy rzut oka &#8211; materia\u0142\u00f3w odpadowych.<\/p>\n<p><strong>Komisja konkursowa w sk\u0142adzie: dyr Danuta Misiewicz, Halina Marecka &#8211; nauczyciel grupy IV (koordynator promocji zdrowia w przedszkolu), Urszula Mulik &#8211; nauczyciel grupy III oraz\u00a0 &#8230; Pani Wiosna, z satysfakcj\u0105 stwierdzi\u0142a wysoki poziom wszystkich prac konkursowych i postanowi\u0142a przyzna\u0107 ich autorom I miejsca. Laureaci konkursu otrzymali dyplomy oraz nagrody &#8211; zabawki edukacyjne: flet i kalejdoskop.<\/strong> Serdecznie gratulujemy zwyci\u0119zcom! Dzi\u0119kujemy Rodzicom za ogromne zaanga\u017cowanie oraz pomoc w realizacj\u0119 zada\u0144 wychowawczo &#8211; dydaktycznych. Ju\u017c wkr\u00f3tce wszystkie Eko &#8211; kwiaty b\u0119dzie mo\u017cna podziwia\u0107 w Galerii &#8222;Pod chmurk\u0105&#8221; (ogr\u00f3d przedszkolny).<\/p>\n\n","protected":false},"excerpt":{"rendered":"<p>23 marca 2017 odby\u0142o si\u0119 uroczyste rozstrzygni\u0119cie Rodzinnego konkursu plastyczno &#8211; ekologicznego pt. &#8222;Eko &#8211; kwiaty&#8221;. Celem konkursu by\u0142o: propagowanie w\u015br\u00f3d dzieci zachowa\u0144 proekologicznych, dostrzeganie pi\u0119kna natury i znaczenia ochrony [&hellip;]<\/p>\n","protected":false},"author":186,"featured_media":22413,"comment_status":"closed","ping_status":"open","sticky":false,"template":"","format":"standard","meta":{"ngg_post_thumbnail":0,"footnotes":""},"categories":[8],"tags":[],"class_list":["post-22412","post","type-post","status-publish","format-standard","has-post-thumbnail","hentry","category-wydarzenia","clearfix"],"_links":{"self":[{"href":"https:\/\/przedszkole61.edu.wroclaw.pl\/index.php\/wp-json\/wp\/v2\/posts\/22412","targetHints":{"allow":["GET"]}}],"collection":[{"href":"https:\/\/przedszkole61.edu.wroclaw.pl\/index.php\/wp-json\/wp\/v2\/posts"}],"about":[{"href":"https:\/\/przedszkole61.edu.wroclaw.pl\/index.php\/wp-json\/wp\/v2\/types\/post"}],"author":[{"embeddable":true,"href":"https:\/\/przedszkole61.edu.wroclaw.pl\/index.php\/wp-json\/wp\/v2\/users\/186"}],"replies":[{"embeddable":true,"href":"https:\/\/przedszkole61.edu.wroclaw.pl\/index.php\/wp-json\/wp\/v2\/comments?post=22412"}],"version-history":[{"count":1,"href":"https:\/\/przedszkole61.edu.wroclaw.pl\/index.php\/wp-json\/wp\/v2\/posts\/22412\/revisions"}],"predecessor-version":[{"id":24795,"href":"https:\/\/przedszkole61.edu.wroclaw.pl\/index.php\/wp-json\/wp\/v2\/posts\/22412\/revisions\/24795"}],"wp:featuredmedia":[{"embeddable":true,"href":"https:\/\/przedszkole61.edu.wroclaw.pl\/index.php\/wp-json\/wp\/v2\/media\/22413"}],"wp:attachment":[{"href":"https:\/\/przedszkole61.edu.wroclaw.pl\/index.php\/wp-json\/wp\/v2\/media?parent=22412"}],"wp:term":[{"taxonomy":"category","embeddable":true,"href":"https:\/\/przedszkole61.edu.wroclaw.pl\/index.php\/wp-json\/wp\/v2\/categories?post=22412"},{"taxonomy":"post_tag","embeddable":true,"href":"https:\/\/przedszkole61.edu.wroclaw.pl\/index.php\/wp-json\/wp\/v2\/tags?post=22412"}],"curies":[{"name":"wp","href":"https:\/\/api.w.org\/{rel}","templated":true}]}}