
{"id":22481,"date":"2017-04-27T00:00:00","date_gmt":"2017-04-26T22:00:00","guid":{"rendered":"https:\/\/przedszkole61.edu.wroclaw.pl\/index.php\/2017\/04\/27\/pasje-rozwijamy-bo-kreatywnosc-w-sobie-mamy\/"},"modified":"2021-04-02T13:32:54","modified_gmt":"2021-04-02T11:32:54","slug":"pasje-rozwijamy-bo-kreatywnosc-w-sobie-mamy","status":"publish","type":"post","link":"https:\/\/przedszkole61.edu.wroclaw.pl\/index.php\/2017\/04\/27\/pasje-rozwijamy-bo-kreatywnosc-w-sobie-mamy\/","title":{"rendered":"&#8222;Pasje rozwijamy, bo kreatywno\u015b\u0107 w sobie mamy&#8221;"},"content":{"rendered":"<p><strong>27 kwietnia 2017<\/strong> dziewczynki z grupy V reprezentowa\u0142y nasze przedszkole w Przegl\u0105dzie &#8222;Pasje rozwijamy, bo kreatywno\u015b\u0107 w sobie mamy&#8221;, organizowanym przez Przedszkole nr 35 &#8222;T\u0119czowy Domek&#8221;. Dziewczynki brawurowo wykona\u0142y uk\u0142ad taneczny do piosenki pt. &#8222;Azizami&#8221; &#8211; Mahan Moin, robi\u0105c na publiczno\u015bci ogromne wra\u017cenie.<!--more--> Za sw\u00f3j efektowny wyst\u0119p dziewczynki zosta\u0142y nagrodzone ogromnymi brawami, dyplomami, upominkami oraz uczestniczy\u0142y we wsp\u00f3lnym pocz\u0119stunku. Gratulujemy wspania\u0142ego wyst\u0119pu i \u017cyczymy naszym przedszkolakom dalszych sukces\u00f3w w rozwijaniu swoich artystycznych talent\u00f3w i pasji.<\/p>\n<p><strong>Choreografia i przygotowanie dzieci do wyst\u0119pu &#8211; Pani Joanna Bere\u017anicka, nauczyciel rytmiki.<\/strong><\/p>\n<p>W przegl\u0105dzie wzi\u0119\u0142o udzia\u0142 a\u017c 11 przedszkoli wroc\u0142awskich. Cele przegl\u0105du: integracja \u015brodowisk przedszkolnych, promowanie dzieci\u0119cych zdolno\u015bci tanecznych, wokalnych i aktorskich.<\/p>\n<p><strong>Szczeg\u00f3lne podzi\u0119kowania sk\u0142adamy Rodzicom Malwinki za zorganizowanie i sfinansowanie transportu dla dzieci na Przegl\u0105d oraz ogromne wsparcie i pomoc w opiece nad dzie\u0107mi podczas wyst\u0119pu . Dzi\u0119kujemy!<\/strong><\/p>\n\n","protected":false},"excerpt":{"rendered":"<p>27 kwietnia 2017 dziewczynki z grupy V reprezentowa\u0142y nasze przedszkole w Przegl\u0105dzie &#8222;Pasje rozwijamy, bo kreatywno\u015b\u0107 w sobie mamy&#8221;, organizowanym przez Przedszkole nr 35 &#8222;T\u0119czowy Domek&#8221;. Dziewczynki brawurowo wykona\u0142y uk\u0142ad [&hellip;]<\/p>\n","protected":false},"author":186,"featured_media":22482,"comment_status":"closed","ping_status":"open","sticky":false,"template":"","format":"standard","meta":{"ngg_post_thumbnail":0,"footnotes":""},"categories":[8],"tags":[],"class_list":["post-22481","post","type-post","status-publish","format-standard","has-post-thumbnail","hentry","category-wydarzenia","clearfix"],"_links":{"self":[{"href":"https:\/\/przedszkole61.edu.wroclaw.pl\/index.php\/wp-json\/wp\/v2\/posts\/22481","targetHints":{"allow":["GET"]}}],"collection":[{"href":"https:\/\/przedszkole61.edu.wroclaw.pl\/index.php\/wp-json\/wp\/v2\/posts"}],"about":[{"href":"https:\/\/przedszkole61.edu.wroclaw.pl\/index.php\/wp-json\/wp\/v2\/types\/post"}],"author":[{"embeddable":true,"href":"https:\/\/przedszkole61.edu.wroclaw.pl\/index.php\/wp-json\/wp\/v2\/users\/186"}],"replies":[{"embeddable":true,"href":"https:\/\/przedszkole61.edu.wroclaw.pl\/index.php\/wp-json\/wp\/v2\/comments?post=22481"}],"version-history":[{"count":1,"href":"https:\/\/przedszkole61.edu.wroclaw.pl\/index.php\/wp-json\/wp\/v2\/posts\/22481\/revisions"}],"predecessor-version":[{"id":24803,"href":"https:\/\/przedszkole61.edu.wroclaw.pl\/index.php\/wp-json\/wp\/v2\/posts\/22481\/revisions\/24803"}],"wp:featuredmedia":[{"embeddable":true,"href":"https:\/\/przedszkole61.edu.wroclaw.pl\/index.php\/wp-json\/wp\/v2\/media\/22482"}],"wp:attachment":[{"href":"https:\/\/przedszkole61.edu.wroclaw.pl\/index.php\/wp-json\/wp\/v2\/media?parent=22481"}],"wp:term":[{"taxonomy":"category","embeddable":true,"href":"https:\/\/przedszkole61.edu.wroclaw.pl\/index.php\/wp-json\/wp\/v2\/categories?post=22481"},{"taxonomy":"post_tag","embeddable":true,"href":"https:\/\/przedszkole61.edu.wroclaw.pl\/index.php\/wp-json\/wp\/v2\/tags?post=22481"}],"curies":[{"name":"wp","href":"https:\/\/api.w.org\/{rel}","templated":true}]}}