
{"id":22489,"date":"2017-05-10T00:00:00","date_gmt":"2017-05-09T22:00:00","guid":{"rendered":"https:\/\/przedszkole61.edu.wroclaw.pl\/index.php\/2017\/05\/10\/moja-ulubiona-postac-z-bajki\/"},"modified":"2021-04-02T13:32:54","modified_gmt":"2021-04-02T11:32:54","slug":"moja-ulubiona-postac-z-bajki","status":"publish","type":"post","link":"https:\/\/przedszkole61.edu.wroclaw.pl\/index.php\/2017\/05\/10\/moja-ulubiona-postac-z-bajki\/","title":{"rendered":"&#8222;Moja ulubiona posta\u0107 z bajki&#8221;"},"content":{"rendered":"<p><strong>Przedszkolaki z grupy V: Emilka i Gustaw<\/strong>, otrzyma\u0142y dyplomy za udzia\u0142 w Mi\u0119dzyprzedszkolnym Przegl\u0105dzie Plastycznym &#8222;Moja ulubiona posta\u0107 z bajki&#8221;. <!--more-->Konkurs zorganizowany przez Przedszkole nr 105 we Wroc\u0142awiu. Na konkurs dzieci namalowa\u0142y swoich ulubionych bohater\u00f3w bajkowych: Roszpunk\u0119 i Kubusia Puchatka. Gratulujemy!<\/p>\n\n","protected":false},"excerpt":{"rendered":"<p>Przedszkolaki z grupy V: Emilka i Gustaw, otrzyma\u0142y dyplomy za udzia\u0142 w Mi\u0119dzyprzedszkolnym Przegl\u0105dzie Plastycznym &#8222;Moja ulubiona posta\u0107 z bajki&#8221;.<\/p>\n","protected":false},"author":186,"featured_media":22490,"comment_status":"closed","ping_status":"open","sticky":false,"template":"","format":"standard","meta":{"ngg_post_thumbnail":0,"footnotes":""},"categories":[8],"tags":[],"class_list":["post-22489","post","type-post","status-publish","format-standard","has-post-thumbnail","hentry","category-wydarzenia","clearfix"],"_links":{"self":[{"href":"https:\/\/przedszkole61.edu.wroclaw.pl\/index.php\/wp-json\/wp\/v2\/posts\/22489","targetHints":{"allow":["GET"]}}],"collection":[{"href":"https:\/\/przedszkole61.edu.wroclaw.pl\/index.php\/wp-json\/wp\/v2\/posts"}],"about":[{"href":"https:\/\/przedszkole61.edu.wroclaw.pl\/index.php\/wp-json\/wp\/v2\/types\/post"}],"author":[{"embeddable":true,"href":"https:\/\/przedszkole61.edu.wroclaw.pl\/index.php\/wp-json\/wp\/v2\/users\/186"}],"replies":[{"embeddable":true,"href":"https:\/\/przedszkole61.edu.wroclaw.pl\/index.php\/wp-json\/wp\/v2\/comments?post=22489"}],"version-history":[{"count":1,"href":"https:\/\/przedszkole61.edu.wroclaw.pl\/index.php\/wp-json\/wp\/v2\/posts\/22489\/revisions"}],"predecessor-version":[{"id":24805,"href":"https:\/\/przedszkole61.edu.wroclaw.pl\/index.php\/wp-json\/wp\/v2\/posts\/22489\/revisions\/24805"}],"wp:featuredmedia":[{"embeddable":true,"href":"https:\/\/przedszkole61.edu.wroclaw.pl\/index.php\/wp-json\/wp\/v2\/media\/22490"}],"wp:attachment":[{"href":"https:\/\/przedszkole61.edu.wroclaw.pl\/index.php\/wp-json\/wp\/v2\/media?parent=22489"}],"wp:term":[{"taxonomy":"category","embeddable":true,"href":"https:\/\/przedszkole61.edu.wroclaw.pl\/index.php\/wp-json\/wp\/v2\/categories?post=22489"},{"taxonomy":"post_tag","embeddable":true,"href":"https:\/\/przedszkole61.edu.wroclaw.pl\/index.php\/wp-json\/wp\/v2\/tags?post=22489"}],"curies":[{"name":"wp","href":"https:\/\/api.w.org\/{rel}","templated":true}]}}