
{"id":22498,"date":"2017-05-17T00:00:00","date_gmt":"2017-05-16T22:00:00","guid":{"rendered":"https:\/\/przedszkole61.edu.wroclaw.pl\/index.php\/2017\/05\/17\/mali-ogrodnicy\/"},"modified":"2021-04-02T13:32:56","modified_gmt":"2021-04-02T11:32:56","slug":"mali-ogrodnicy","status":"publish","type":"post","link":"https:\/\/przedszkole61.edu.wroclaw.pl\/index.php\/2017\/05\/17\/mali-ogrodnicy\/","title":{"rendered":"&#8222;Mali ogrodnicy&#8221;"},"content":{"rendered":"<p><strong>Dzieci z grupy II<\/strong> na rabatce przedszkolnej za\u0142o\u017cy\u0142y sw\u00f3j ogr\u00f3dek kwiatowy. Pracy by\u0142o co nie miara! W ruch posz\u0142y \u0142opatki, grabki i konewki. Przedszkolaki swoje zadanie wykona\u0142y wzorowo.<!--more--> Teraz z niecierpliwo\u015bci\u0105 czekaj\u0105 na efekty swojej pracy. Ciekawe, jakie kwiaty wyrosn\u0105 na rabatce?<\/p>\n<p>\u00a0<\/p>\n<p><strong>Dzi\u0119kujemy Rodzicom Antosia za nasiona kwiat\u00f3w.<\/strong><\/p>\n\n","protected":false},"excerpt":{"rendered":"<p>Dzieci z grupy II na rabatce przedszkolnej za\u0142o\u017cy\u0142y sw\u00f3j ogr\u00f3dek kwiatowy. Pracy by\u0142o co nie miara! W ruch posz\u0142y \u0142opatki, grabki i konewki. Przedszkolaki swoje zadanie wykona\u0142y wzorowo.<\/p>\n","protected":false},"author":186,"featured_media":22499,"comment_status":"closed","ping_status":"open","sticky":false,"template":"","format":"standard","meta":{"ngg_post_thumbnail":0,"footnotes":""},"categories":[8],"tags":[],"class_list":["post-22498","post","type-post","status-publish","format-standard","has-post-thumbnail","hentry","category-wydarzenia","clearfix"],"_links":{"self":[{"href":"https:\/\/przedszkole61.edu.wroclaw.pl\/index.php\/wp-json\/wp\/v2\/posts\/22498","targetHints":{"allow":["GET"]}}],"collection":[{"href":"https:\/\/przedszkole61.edu.wroclaw.pl\/index.php\/wp-json\/wp\/v2\/posts"}],"about":[{"href":"https:\/\/przedszkole61.edu.wroclaw.pl\/index.php\/wp-json\/wp\/v2\/types\/post"}],"author":[{"embeddable":true,"href":"https:\/\/przedszkole61.edu.wroclaw.pl\/index.php\/wp-json\/wp\/v2\/users\/186"}],"replies":[{"embeddable":true,"href":"https:\/\/przedszkole61.edu.wroclaw.pl\/index.php\/wp-json\/wp\/v2\/comments?post=22498"}],"version-history":[{"count":1,"href":"https:\/\/przedszkole61.edu.wroclaw.pl\/index.php\/wp-json\/wp\/v2\/posts\/22498\/revisions"}],"predecessor-version":[{"id":24808,"href":"https:\/\/przedszkole61.edu.wroclaw.pl\/index.php\/wp-json\/wp\/v2\/posts\/22498\/revisions\/24808"}],"wp:featuredmedia":[{"embeddable":true,"href":"https:\/\/przedszkole61.edu.wroclaw.pl\/index.php\/wp-json\/wp\/v2\/media\/22499"}],"wp:attachment":[{"href":"https:\/\/przedszkole61.edu.wroclaw.pl\/index.php\/wp-json\/wp\/v2\/media?parent=22498"}],"wp:term":[{"taxonomy":"category","embeddable":true,"href":"https:\/\/przedszkole61.edu.wroclaw.pl\/index.php\/wp-json\/wp\/v2\/categories?post=22498"},{"taxonomy":"post_tag","embeddable":true,"href":"https:\/\/przedszkole61.edu.wroclaw.pl\/index.php\/wp-json\/wp\/v2\/tags?post=22498"}],"curies":[{"name":"wp","href":"https:\/\/api.w.org\/{rel}","templated":true}]}}