
{"id":22502,"date":"2017-05-18T00:00:00","date_gmt":"2017-05-17T22:00:00","guid":{"rendered":"https:\/\/przedszkole61.edu.wroclaw.pl\/index.php\/2017\/05\/18\/zyj-zdrowo\/"},"modified":"2021-04-02T13:32:56","modified_gmt":"2021-04-02T11:32:56","slug":"zyj-zdrowo","status":"publish","type":"post","link":"https:\/\/przedszkole61.edu.wroclaw.pl\/index.php\/2017\/05\/18\/zyj-zdrowo\/","title":{"rendered":"&#8222;\u017byj zdrowo&#8221;"},"content":{"rendered":"<p><strong>W kwietniu 2017<\/strong> nasze przedszkole wzi\u0119\u0142o udzia\u0142 w VII edycji wystawy &#8222;\u017byj zdrowo&#8221;, organizowanej przez Przedszkole nr 25 &#8222;S\u0142owia\u0144skie Maluchy&#8221;. <strong>Do udzia\u0142u w wystawie zosta\u0142a zakwalifikowana praca plastyczna wykonana przez Emilk\u0119 z grupy V. Brawo Emilko!<\/strong> <!--more-->Celem wystawy by\u0142o: promowanie zdrowego stylu \u017cycia (w\u0142a\u015bciwe od\u017cywianie, higiena, ruch i sport).<\/p>\n\n","protected":false},"excerpt":{"rendered":"<p>W kwietniu 2017 nasze przedszkole wzi\u0119\u0142o udzia\u0142 w VII edycji wystawy &#8222;\u017byj zdrowo&#8221;, organizowanej przez Przedszkole nr 25 &#8222;S\u0142owia\u0144skie Maluchy&#8221;. Do udzia\u0142u w wystawie zosta\u0142a zakwalifikowana praca plastyczna wykonana przez [&hellip;]<\/p>\n","protected":false},"author":186,"featured_media":22503,"comment_status":"closed","ping_status":"open","sticky":false,"template":"","format":"standard","meta":{"ngg_post_thumbnail":0,"footnotes":""},"categories":[8],"tags":[],"class_list":["post-22502","post","type-post","status-publish","format-standard","has-post-thumbnail","hentry","category-wydarzenia","clearfix"],"_links":{"self":[{"href":"https:\/\/przedszkole61.edu.wroclaw.pl\/index.php\/wp-json\/wp\/v2\/posts\/22502","targetHints":{"allow":["GET"]}}],"collection":[{"href":"https:\/\/przedszkole61.edu.wroclaw.pl\/index.php\/wp-json\/wp\/v2\/posts"}],"about":[{"href":"https:\/\/przedszkole61.edu.wroclaw.pl\/index.php\/wp-json\/wp\/v2\/types\/post"}],"author":[{"embeddable":true,"href":"https:\/\/przedszkole61.edu.wroclaw.pl\/index.php\/wp-json\/wp\/v2\/users\/186"}],"replies":[{"embeddable":true,"href":"https:\/\/przedszkole61.edu.wroclaw.pl\/index.php\/wp-json\/wp\/v2\/comments?post=22502"}],"version-history":[{"count":1,"href":"https:\/\/przedszkole61.edu.wroclaw.pl\/index.php\/wp-json\/wp\/v2\/posts\/22502\/revisions"}],"predecessor-version":[{"id":24809,"href":"https:\/\/przedszkole61.edu.wroclaw.pl\/index.php\/wp-json\/wp\/v2\/posts\/22502\/revisions\/24809"}],"wp:featuredmedia":[{"embeddable":true,"href":"https:\/\/przedszkole61.edu.wroclaw.pl\/index.php\/wp-json\/wp\/v2\/media\/22503"}],"wp:attachment":[{"href":"https:\/\/przedszkole61.edu.wroclaw.pl\/index.php\/wp-json\/wp\/v2\/media?parent=22502"}],"wp:term":[{"taxonomy":"category","embeddable":true,"href":"https:\/\/przedszkole61.edu.wroclaw.pl\/index.php\/wp-json\/wp\/v2\/categories?post=22502"},{"taxonomy":"post_tag","embeddable":true,"href":"https:\/\/przedszkole61.edu.wroclaw.pl\/index.php\/wp-json\/wp\/v2\/tags?post=22502"}],"curies":[{"name":"wp","href":"https:\/\/api.w.org\/{rel}","templated":true}]}}