
{"id":22505,"date":"2017-05-23T00:00:00","date_gmt":"2017-05-22T22:00:00","guid":{"rendered":"https:\/\/przedszkole61.edu.wroclaw.pl\/index.php\/2017\/05\/23\/bieg-krasnala\/"},"modified":"2021-04-02T13:32:56","modified_gmt":"2021-04-02T11:32:56","slug":"bieg-krasnala","status":"publish","type":"post","link":"https:\/\/przedszkole61.edu.wroclaw.pl\/index.php\/2017\/05\/23\/bieg-krasnala\/","title":{"rendered":"&#8222;Bieg Krasnala&#8221;"},"content":{"rendered":"<p><strong>20 maja 2017<\/strong> Miko\u0142aj\u00a0 z grupy III reprezentowa\u0142 nasze przedszkole w &#8222;Biegu Krasnala&#8221;, organizowanym na Stadionie Olimpijskim.\u00a0 <strong>Miko\u0142aj rywalizowa\u0142 ze starszymi &#8222;Krasnalami&#8221; 7 &#8211; 12 lat na dystansie 100 m i zaj\u0105\u0142 zaszczytne III miejsce.<\/strong> <strong>Gratulujemy sukcesu!<\/strong><!--more--><\/p>\n\n","protected":false},"excerpt":{"rendered":"<p>20 maja 2017 Miko\u0142aj\u00a0 z grupy III reprezentowa\u0142 nasze przedszkole w &#8222;Biegu Krasnala&#8221;, organizowanym na Stadionie Olimpijskim.\u00a0 Miko\u0142aj rywalizowa\u0142 ze starszymi &#8222;Krasnalami&#8221; 7 &#8211; 12 lat na dystansie 100 m [&hellip;]<\/p>\n","protected":false},"author":186,"featured_media":22506,"comment_status":"closed","ping_status":"open","sticky":false,"template":"","format":"standard","meta":{"ngg_post_thumbnail":0,"footnotes":""},"categories":[8],"tags":[],"class_list":["post-22505","post","type-post","status-publish","format-standard","has-post-thumbnail","hentry","category-wydarzenia","clearfix"],"_links":{"self":[{"href":"https:\/\/przedszkole61.edu.wroclaw.pl\/index.php\/wp-json\/wp\/v2\/posts\/22505","targetHints":{"allow":["GET"]}}],"collection":[{"href":"https:\/\/przedszkole61.edu.wroclaw.pl\/index.php\/wp-json\/wp\/v2\/posts"}],"about":[{"href":"https:\/\/przedszkole61.edu.wroclaw.pl\/index.php\/wp-json\/wp\/v2\/types\/post"}],"author":[{"embeddable":true,"href":"https:\/\/przedszkole61.edu.wroclaw.pl\/index.php\/wp-json\/wp\/v2\/users\/186"}],"replies":[{"embeddable":true,"href":"https:\/\/przedszkole61.edu.wroclaw.pl\/index.php\/wp-json\/wp\/v2\/comments?post=22505"}],"version-history":[{"count":1,"href":"https:\/\/przedszkole61.edu.wroclaw.pl\/index.php\/wp-json\/wp\/v2\/posts\/22505\/revisions"}],"predecessor-version":[{"id":24810,"href":"https:\/\/przedszkole61.edu.wroclaw.pl\/index.php\/wp-json\/wp\/v2\/posts\/22505\/revisions\/24810"}],"wp:featuredmedia":[{"embeddable":true,"href":"https:\/\/przedszkole61.edu.wroclaw.pl\/index.php\/wp-json\/wp\/v2\/media\/22506"}],"wp:attachment":[{"href":"https:\/\/przedszkole61.edu.wroclaw.pl\/index.php\/wp-json\/wp\/v2\/media?parent=22505"}],"wp:term":[{"taxonomy":"category","embeddable":true,"href":"https:\/\/przedszkole61.edu.wroclaw.pl\/index.php\/wp-json\/wp\/v2\/categories?post=22505"},{"taxonomy":"post_tag","embeddable":true,"href":"https:\/\/przedszkole61.edu.wroclaw.pl\/index.php\/wp-json\/wp\/v2\/tags?post=22505"}],"curies":[{"name":"wp","href":"https:\/\/api.w.org\/{rel}","templated":true}]}}