
{"id":22507,"date":"2017-05-30T00:00:00","date_gmt":"2017-05-29T22:00:00","guid":{"rendered":"https:\/\/przedszkole61.edu.wroclaw.pl\/index.php\/2017\/05\/30\/algi-w-kosmosie\/"},"modified":"2021-04-02T13:32:56","modified_gmt":"2021-04-02T11:32:56","slug":"algi-w-kosmosie","status":"publish","type":"post","link":"https:\/\/przedszkole61.edu.wroclaw.pl\/index.php\/2017\/05\/30\/algi-w-kosmosie\/","title":{"rendered":"&#8222;Algi w kosmosie&#8221;"},"content":{"rendered":"<p><strong>30 maja 2017<\/strong> przedszkolaki z grupy V uczestniczy\u0142y w warsztatach &#8222;Algi w kosmosie&#8221; w Centrum Edukacyjnym &#8222;Technoludek&#8221;. Dzieci dowiedzia\u0142y si\u0119 co to s\u0105 algi, dlaczego algi maj\u0105 szanse pojawi\u0107 si\u0119 w kosmosie oraz ile tajemnic w sobie kryj\u0105. To by\u0142o ciekawe spotkanie z natur\u0105.<!--more--><\/p>\n\n","protected":false},"excerpt":{"rendered":"<p>30 maja 2017 przedszkolaki z grupy V uczestniczy\u0142y w warsztatach &#8222;Algi w kosmosie&#8221; w Centrum Edukacyjnym &#8222;Technoludek&#8221;. Dzieci dowiedzia\u0142y si\u0119 co to s\u0105 algi, dlaczego algi maj\u0105 szanse pojawi\u0107 si\u0119 [&hellip;]<\/p>\n","protected":false},"author":186,"featured_media":22508,"comment_status":"closed","ping_status":"open","sticky":false,"template":"","format":"standard","meta":{"ngg_post_thumbnail":0,"footnotes":""},"categories":[8],"tags":[],"class_list":["post-22507","post","type-post","status-publish","format-standard","has-post-thumbnail","hentry","category-wydarzenia","clearfix"],"_links":{"self":[{"href":"https:\/\/przedszkole61.edu.wroclaw.pl\/index.php\/wp-json\/wp\/v2\/posts\/22507","targetHints":{"allow":["GET"]}}],"collection":[{"href":"https:\/\/przedszkole61.edu.wroclaw.pl\/index.php\/wp-json\/wp\/v2\/posts"}],"about":[{"href":"https:\/\/przedszkole61.edu.wroclaw.pl\/index.php\/wp-json\/wp\/v2\/types\/post"}],"author":[{"embeddable":true,"href":"https:\/\/przedszkole61.edu.wroclaw.pl\/index.php\/wp-json\/wp\/v2\/users\/186"}],"replies":[{"embeddable":true,"href":"https:\/\/przedszkole61.edu.wroclaw.pl\/index.php\/wp-json\/wp\/v2\/comments?post=22507"}],"version-history":[{"count":1,"href":"https:\/\/przedszkole61.edu.wroclaw.pl\/index.php\/wp-json\/wp\/v2\/posts\/22507\/revisions"}],"predecessor-version":[{"id":24811,"href":"https:\/\/przedszkole61.edu.wroclaw.pl\/index.php\/wp-json\/wp\/v2\/posts\/22507\/revisions\/24811"}],"wp:featuredmedia":[{"embeddable":true,"href":"https:\/\/przedszkole61.edu.wroclaw.pl\/index.php\/wp-json\/wp\/v2\/media\/22508"}],"wp:attachment":[{"href":"https:\/\/przedszkole61.edu.wroclaw.pl\/index.php\/wp-json\/wp\/v2\/media?parent=22507"}],"wp:term":[{"taxonomy":"category","embeddable":true,"href":"https:\/\/przedszkole61.edu.wroclaw.pl\/index.php\/wp-json\/wp\/v2\/categories?post=22507"},{"taxonomy":"post_tag","embeddable":true,"href":"https:\/\/przedszkole61.edu.wroclaw.pl\/index.php\/wp-json\/wp\/v2\/tags?post=22507"}],"curies":[{"name":"wp","href":"https:\/\/api.w.org\/{rel}","templated":true}]}}