
{"id":22511,"date":"2017-05-30T00:00:00","date_gmt":"2017-05-29T22:00:00","guid":{"rendered":"https:\/\/przedszkole61.edu.wroclaw.pl\/index.php\/2017\/05\/30\/wroclawskie-parki-w-czterech-porach-roku\/"},"modified":"2021-04-02T13:32:56","modified_gmt":"2021-04-02T11:32:56","slug":"wroclawskie-parki-w-czterech-porach-roku","status":"publish","type":"post","link":"https:\/\/przedszkole61.edu.wroclaw.pl\/index.php\/2017\/05\/30\/wroclawskie-parki-w-czterech-porach-roku\/","title":{"rendered":"&#8222;Wroc\u0142awskie parki w czterech porach roku&#8221;"},"content":{"rendered":"<p>Laureaci Mi\u0119dzyprzedszkolnego Konkursu Plastycznego &#8222;Wroc\u0142awskie parki w czterech porach roku&#8221; <strong>&#8211;\u00a0<\/strong> <strong>dzieci z grupy IV:<\/strong> <strong>Ma\u0142gosia (nagroda g\u0142\u00f3wna) i Tymon\u00a0 (wyr\u00f3\u017cnienie). <!--more--><\/strong>Dzieci przedstawi\u0142y w konkursie Park Po\u0142udniowy. Konkurs zorganizowany przez Przedszkole Integracyjne nr 125 im. Janusza Korczaka we Wroc\u0142awiu. Gratulujemy sukcesu!<\/p>\n","protected":false},"excerpt":{"rendered":"<p>Laureaci Mi\u0119dzyprzedszkolnego Konkursu Plastycznego &#8222;Wroc\u0142awskie parki w czterech porach roku&#8221; &#8211;\u00a0 dzieci z grupy IV: Ma\u0142gosia (nagroda g\u0142\u00f3wna) i Tymon\u00a0 (wyr\u00f3\u017cnienie).<\/p>\n","protected":false},"author":186,"featured_media":22512,"comment_status":"closed","ping_status":"open","sticky":false,"template":"","format":"standard","meta":{"ngg_post_thumbnail":0,"footnotes":""},"categories":[8],"tags":[],"class_list":["post-22511","post","type-post","status-publish","format-standard","has-post-thumbnail","hentry","category-wydarzenia","clearfix"],"_links":{"self":[{"href":"https:\/\/przedszkole61.edu.wroclaw.pl\/index.php\/wp-json\/wp\/v2\/posts\/22511","targetHints":{"allow":["GET"]}}],"collection":[{"href":"https:\/\/przedszkole61.edu.wroclaw.pl\/index.php\/wp-json\/wp\/v2\/posts"}],"about":[{"href":"https:\/\/przedszkole61.edu.wroclaw.pl\/index.php\/wp-json\/wp\/v2\/types\/post"}],"author":[{"embeddable":true,"href":"https:\/\/przedszkole61.edu.wroclaw.pl\/index.php\/wp-json\/wp\/v2\/users\/186"}],"replies":[{"embeddable":true,"href":"https:\/\/przedszkole61.edu.wroclaw.pl\/index.php\/wp-json\/wp\/v2\/comments?post=22511"}],"version-history":[{"count":1,"href":"https:\/\/przedszkole61.edu.wroclaw.pl\/index.php\/wp-json\/wp\/v2\/posts\/22511\/revisions"}],"predecessor-version":[{"id":24812,"href":"https:\/\/przedszkole61.edu.wroclaw.pl\/index.php\/wp-json\/wp\/v2\/posts\/22511\/revisions\/24812"}],"wp:featuredmedia":[{"embeddable":true,"href":"https:\/\/przedszkole61.edu.wroclaw.pl\/index.php\/wp-json\/wp\/v2\/media\/22512"}],"wp:attachment":[{"href":"https:\/\/przedszkole61.edu.wroclaw.pl\/index.php\/wp-json\/wp\/v2\/media?parent=22511"}],"wp:term":[{"taxonomy":"category","embeddable":true,"href":"https:\/\/przedszkole61.edu.wroclaw.pl\/index.php\/wp-json\/wp\/v2\/categories?post=22511"},{"taxonomy":"post_tag","embeddable":true,"href":"https:\/\/przedszkole61.edu.wroclaw.pl\/index.php\/wp-json\/wp\/v2\/tags?post=22511"}],"curies":[{"name":"wp","href":"https:\/\/api.w.org\/{rel}","templated":true}]}}