
{"id":22516,"date":"2017-05-31T00:00:00","date_gmt":"2017-05-30T22:00:00","guid":{"rendered":"https:\/\/przedszkole61.edu.wroclaw.pl\/index.php\/2017\/05\/31\/dla-mamy-i-taty\/"},"modified":"2021-04-02T13:32:56","modified_gmt":"2021-04-02T11:32:56","slug":"dla-mamy-i-taty","status":"publish","type":"post","link":"https:\/\/przedszkole61.edu.wroclaw.pl\/index.php\/2017\/05\/31\/dla-mamy-i-taty\/","title":{"rendered":"Dla Mamy i Taty"},"content":{"rendered":"<p><strong>&#8222;U\u015bmiech, oczy, z\u0142ote w\u0142osy &#8230; mam\u0119 \u0142atwo narysowa\u0107! \u017beby jej nie by\u0142o smutno, musz\u0119 mamie kogo\u015b doda\u0107! Mama z lodami, mama z kanapk\u0105, lecz najpi\u0119kniejsza jest mama z tat\u0105!&#8221;<!--more--><\/strong><\/p>\n<p><strong><\/strong> W maju 2017 odby\u0142y si\u0119 w naszym przedszkolu uroczysto\u015bci z okazji \u015awi\u0119ta Mamy i Taty. <strong>Wszystkim Rodzicom \u017cyczymy wszystkiego co najlepsze oraz du\u017co niezapomnianych chwil ze swoimi dzie\u0107mi!<\/strong><\/p>\n\n","protected":false},"excerpt":{"rendered":"<p>&#8222;U\u015bmiech, oczy, z\u0142ote w\u0142osy &#8230; mam\u0119 \u0142atwo narysowa\u0107! \u017beby jej nie by\u0142o smutno, musz\u0119 mamie kogo\u015b doda\u0107! Mama z lodami, mama z kanapk\u0105, lecz najpi\u0119kniejsza jest mama z tat\u0105!&#8221;<\/p>\n","protected":false},"author":186,"featured_media":22517,"comment_status":"closed","ping_status":"open","sticky":false,"template":"","format":"standard","meta":{"ngg_post_thumbnail":0,"footnotes":""},"categories":[8],"tags":[],"class_list":["post-22516","post","type-post","status-publish","format-standard","has-post-thumbnail","hentry","category-wydarzenia","clearfix"],"_links":{"self":[{"href":"https:\/\/przedszkole61.edu.wroclaw.pl\/index.php\/wp-json\/wp\/v2\/posts\/22516","targetHints":{"allow":["GET"]}}],"collection":[{"href":"https:\/\/przedszkole61.edu.wroclaw.pl\/index.php\/wp-json\/wp\/v2\/posts"}],"about":[{"href":"https:\/\/przedszkole61.edu.wroclaw.pl\/index.php\/wp-json\/wp\/v2\/types\/post"}],"author":[{"embeddable":true,"href":"https:\/\/przedszkole61.edu.wroclaw.pl\/index.php\/wp-json\/wp\/v2\/users\/186"}],"replies":[{"embeddable":true,"href":"https:\/\/przedszkole61.edu.wroclaw.pl\/index.php\/wp-json\/wp\/v2\/comments?post=22516"}],"version-history":[{"count":1,"href":"https:\/\/przedszkole61.edu.wroclaw.pl\/index.php\/wp-json\/wp\/v2\/posts\/22516\/revisions"}],"predecessor-version":[{"id":24813,"href":"https:\/\/przedszkole61.edu.wroclaw.pl\/index.php\/wp-json\/wp\/v2\/posts\/22516\/revisions\/24813"}],"wp:featuredmedia":[{"embeddable":true,"href":"https:\/\/przedszkole61.edu.wroclaw.pl\/index.php\/wp-json\/wp\/v2\/media\/22517"}],"wp:attachment":[{"href":"https:\/\/przedszkole61.edu.wroclaw.pl\/index.php\/wp-json\/wp\/v2\/media?parent=22516"}],"wp:term":[{"taxonomy":"category","embeddable":true,"href":"https:\/\/przedszkole61.edu.wroclaw.pl\/index.php\/wp-json\/wp\/v2\/categories?post=22516"},{"taxonomy":"post_tag","embeddable":true,"href":"https:\/\/przedszkole61.edu.wroclaw.pl\/index.php\/wp-json\/wp\/v2\/tags?post=22516"}],"curies":[{"name":"wp","href":"https:\/\/api.w.org\/{rel}","templated":true}]}}