
{"id":22533,"date":"2017-06-19T00:00:00","date_gmt":"2017-06-18T22:00:00","guid":{"rendered":"https:\/\/przedszkole61.edu.wroclaw.pl\/index.php\/2017\/06\/19\/wycieczka-do-mlyna-zawadka\/"},"modified":"2021-04-02T13:32:56","modified_gmt":"2021-04-02T11:32:56","slug":"wycieczka-do-mlyna-zawadka","status":"publish","type":"post","link":"https:\/\/przedszkole61.edu.wroclaw.pl\/index.php\/2017\/06\/19\/wycieczka-do-mlyna-zawadka\/","title":{"rendered":"Wycieczka do &#8222;M\u0142yna Zawadka&#8221;"},"content":{"rendered":"<p><strong>19 czerwca 2017<\/strong> dzieci z grupy: II, III, IV i V wybra\u0142y si\u0119 na ca\u0142odzienn\u0105 wycieczk\u0119 do &#8222;M\u0142yna Zawadka&#8221; &#8211; gospodarstwa agroturystycznego. <!--more-->Na &#8222;Gajowickie Skrzaty&#8221; czeka\u0142o mn\u00f3stwo atrakcji. Wypr\u00f3bowali\u015bmy wszystko: tor przeszk\u00f3d, zjazd na kolejce tyrolskiej, turlanie z g\u00f3rki po trawie, zwiedzanie m\u0142yna, skoki i figle na &#8222;dmucha\u0144cu&#8221;, kr\u0119cio\u0142ki i hu\u015btawki; co odwa\u017cniejsi zajrzeli r\u00f3wnie\u017c do domku Baby Jagi. A na zako\u0144czenie bawili\u015bmy si\u0119 na weso\u0142ej dyskotece, kt\u00f3r\u0105 prowadzi\u0142 DJ Piotrek. To by\u0142 niezapomniany dzie\u0144 beztroskiej zabawy na \u015bwie\u017cym powietrzu.<\/p>\n\n","protected":false},"excerpt":{"rendered":"<p>19 czerwca 2017 dzieci z grupy: II, III, IV i V wybra\u0142y si\u0119 na ca\u0142odzienn\u0105 wycieczk\u0119 do &#8222;M\u0142yna Zawadka&#8221; &#8211; gospodarstwa agroturystycznego.<\/p>\n","protected":false},"author":186,"featured_media":22534,"comment_status":"closed","ping_status":"open","sticky":false,"template":"","format":"standard","meta":{"ngg_post_thumbnail":0,"footnotes":""},"categories":[8],"tags":[],"class_list":["post-22533","post","type-post","status-publish","format-standard","has-post-thumbnail","hentry","category-wydarzenia","clearfix"],"_links":{"self":[{"href":"https:\/\/przedszkole61.edu.wroclaw.pl\/index.php\/wp-json\/wp\/v2\/posts\/22533","targetHints":{"allow":["GET"]}}],"collection":[{"href":"https:\/\/przedszkole61.edu.wroclaw.pl\/index.php\/wp-json\/wp\/v2\/posts"}],"about":[{"href":"https:\/\/przedszkole61.edu.wroclaw.pl\/index.php\/wp-json\/wp\/v2\/types\/post"}],"author":[{"embeddable":true,"href":"https:\/\/przedszkole61.edu.wroclaw.pl\/index.php\/wp-json\/wp\/v2\/users\/186"}],"replies":[{"embeddable":true,"href":"https:\/\/przedszkole61.edu.wroclaw.pl\/index.php\/wp-json\/wp\/v2\/comments?post=22533"}],"version-history":[{"count":1,"href":"https:\/\/przedszkole61.edu.wroclaw.pl\/index.php\/wp-json\/wp\/v2\/posts\/22533\/revisions"}],"predecessor-version":[{"id":24817,"href":"https:\/\/przedszkole61.edu.wroclaw.pl\/index.php\/wp-json\/wp\/v2\/posts\/22533\/revisions\/24817"}],"wp:featuredmedia":[{"embeddable":true,"href":"https:\/\/przedszkole61.edu.wroclaw.pl\/index.php\/wp-json\/wp\/v2\/media\/22534"}],"wp:attachment":[{"href":"https:\/\/przedszkole61.edu.wroclaw.pl\/index.php\/wp-json\/wp\/v2\/media?parent=22533"}],"wp:term":[{"taxonomy":"category","embeddable":true,"href":"https:\/\/przedszkole61.edu.wroclaw.pl\/index.php\/wp-json\/wp\/v2\/categories?post=22533"},{"taxonomy":"post_tag","embeddable":true,"href":"https:\/\/przedszkole61.edu.wroclaw.pl\/index.php\/wp-json\/wp\/v2\/tags?post=22533"}],"curies":[{"name":"wp","href":"https:\/\/api.w.org\/{rel}","templated":true}]}}