
{"id":22537,"date":"2017-06-20T00:00:00","date_gmt":"2017-06-19T22:00:00","guid":{"rendered":"https:\/\/przedszkole61.edu.wroclaw.pl\/index.php\/2017\/06\/20\/wycieczka-ciuchcia-po-wroclawiu\/"},"modified":"2021-04-02T13:32:56","modified_gmt":"2021-04-02T11:32:56","slug":"wycieczka-ciuchcia-po-wroclawiu","status":"publish","type":"post","link":"https:\/\/przedszkole61.edu.wroclaw.pl\/index.php\/2017\/06\/20\/wycieczka-ciuchcia-po-wroclawiu\/","title":{"rendered":"&#8222;Ciuchci\u0105&#8221; po Wroc\u0142awiu"},"content":{"rendered":"<p><strong>19 czerwca 2017<\/strong> pod przedszkole podjecha\u0142a kolorowa &#8222;ciuchcia&#8221; i zabra\u0142a najm\u0142odsze &#8222;Gajowickie Skrzaty&#8221; na przeja\u017cd\u017ck\u0119 po najciekawszych zak\u0105tkach naszego miasta.<!--more--><\/p>\n\n","protected":false},"excerpt":{"rendered":"<p>19 czerwca 2017 pod przedszkole podjecha\u0142a kolorowa &#8222;ciuchcia&#8221; i zabra\u0142a najm\u0142odsze &#8222;Gajowickie Skrzaty&#8221; na przeja\u017cd\u017ck\u0119 po najciekawszych zak\u0105tkach naszego miasta.<\/p>\n","protected":false},"author":186,"featured_media":22538,"comment_status":"closed","ping_status":"open","sticky":false,"template":"","format":"standard","meta":{"ngg_post_thumbnail":0,"footnotes":""},"categories":[8],"tags":[],"class_list":["post-22537","post","type-post","status-publish","format-standard","has-post-thumbnail","hentry","category-wydarzenia","clearfix"],"_links":{"self":[{"href":"https:\/\/przedszkole61.edu.wroclaw.pl\/index.php\/wp-json\/wp\/v2\/posts\/22537","targetHints":{"allow":["GET"]}}],"collection":[{"href":"https:\/\/przedszkole61.edu.wroclaw.pl\/index.php\/wp-json\/wp\/v2\/posts"}],"about":[{"href":"https:\/\/przedszkole61.edu.wroclaw.pl\/index.php\/wp-json\/wp\/v2\/types\/post"}],"author":[{"embeddable":true,"href":"https:\/\/przedszkole61.edu.wroclaw.pl\/index.php\/wp-json\/wp\/v2\/users\/186"}],"replies":[{"embeddable":true,"href":"https:\/\/przedszkole61.edu.wroclaw.pl\/index.php\/wp-json\/wp\/v2\/comments?post=22537"}],"version-history":[{"count":1,"href":"https:\/\/przedszkole61.edu.wroclaw.pl\/index.php\/wp-json\/wp\/v2\/posts\/22537\/revisions"}],"predecessor-version":[{"id":24818,"href":"https:\/\/przedszkole61.edu.wroclaw.pl\/index.php\/wp-json\/wp\/v2\/posts\/22537\/revisions\/24818"}],"wp:featuredmedia":[{"embeddable":true,"href":"https:\/\/przedszkole61.edu.wroclaw.pl\/index.php\/wp-json\/wp\/v2\/media\/22538"}],"wp:attachment":[{"href":"https:\/\/przedszkole61.edu.wroclaw.pl\/index.php\/wp-json\/wp\/v2\/media?parent=22537"}],"wp:term":[{"taxonomy":"category","embeddable":true,"href":"https:\/\/przedszkole61.edu.wroclaw.pl\/index.php\/wp-json\/wp\/v2\/categories?post=22537"},{"taxonomy":"post_tag","embeddable":true,"href":"https:\/\/przedszkole61.edu.wroclaw.pl\/index.php\/wp-json\/wp\/v2\/tags?post=22537"}],"curies":[{"name":"wp","href":"https:\/\/api.w.org\/{rel}","templated":true}]}}