
{"id":22545,"date":"2020-09-14T00:00:00","date_gmt":"2020-09-13T22:00:00","guid":{"rendered":"https:\/\/przedszkole61.edu.wroclaw.pl\/index.php\/2017\/09\/05\/witamy-w-przedszkolu\/"},"modified":"2021-04-02T13:33:20","modified_gmt":"2021-04-02T11:33:20","slug":"witamy-w-przedszkolu-4","status":"publish","type":"post","link":"https:\/\/przedszkole61.edu.wroclaw.pl\/index.php\/2020\/09\/14\/witamy-w-przedszkolu-4\/","title":{"rendered":"Witamy w przedszkolu!"},"content":{"rendered":"<p><strong>Serdecznie witamy Dzieci i Rodzic\u00f3w w Roku Szkolnym 2020\/2021 <!--more--><\/strong>Wszystkim przedszkolakom \u017cyczymy du\u017co rado\u015bci, u\u015bmiechu oraz wspania\u0142ych zabaw z r\u00f3wie\u015bnikami.<\/p>\n<p><a href=\"http:\/\/www.p61.pl\/witamy-w-przedszkolu-3\/images\/\" rel=\"attachment wp-att-10018\"><img loading=\"lazy\" decoding=\"async\" class=\"size-thumbnail wp-image-10018 aligncenter\" alt=\"images\" src=\"https:\/\/przedszkole61.edu.wroclaw.pl\/wp-content\/uploads\/sites\/58\/2021\/04\/images.jpg\" width=\"150\" height=\"113\" \/><\/a><\/p>\n","protected":false},"excerpt":{"rendered":"<p>Serdecznie witamy Dzieci i Rodzic\u00f3w w Roku Szkolnym 2020\/2021<\/p>\n","protected":false},"author":186,"featured_media":17674,"comment_status":"closed","ping_status":"open","sticky":false,"template":"","format":"standard","meta":{"ngg_post_thumbnail":0,"footnotes":""},"categories":[8],"tags":[],"class_list":["post-22545","post","type-post","status-publish","format-standard","has-post-thumbnail","hentry","category-wydarzenia","clearfix"],"_links":{"self":[{"href":"https:\/\/przedszkole61.edu.wroclaw.pl\/index.php\/wp-json\/wp\/v2\/posts\/22545","targetHints":{"allow":["GET"]}}],"collection":[{"href":"https:\/\/przedszkole61.edu.wroclaw.pl\/index.php\/wp-json\/wp\/v2\/posts"}],"about":[{"href":"https:\/\/przedszkole61.edu.wroclaw.pl\/index.php\/wp-json\/wp\/v2\/types\/post"}],"author":[{"embeddable":true,"href":"https:\/\/przedszkole61.edu.wroclaw.pl\/index.php\/wp-json\/wp\/v2\/users\/186"}],"replies":[{"embeddable":true,"href":"https:\/\/przedszkole61.edu.wroclaw.pl\/index.php\/wp-json\/wp\/v2\/comments?post=22545"}],"version-history":[{"count":7,"href":"https:\/\/przedszkole61.edu.wroclaw.pl\/index.php\/wp-json\/wp\/v2\/posts\/22545\/revisions"}],"predecessor-version":[{"id":25032,"href":"https:\/\/przedszkole61.edu.wroclaw.pl\/index.php\/wp-json\/wp\/v2\/posts\/22545\/revisions\/25032"}],"wp:featuredmedia":[{"embeddable":true,"href":"https:\/\/przedszkole61.edu.wroclaw.pl\/index.php\/wp-json\/wp\/v2\/media\/17674"}],"wp:attachment":[{"href":"https:\/\/przedszkole61.edu.wroclaw.pl\/index.php\/wp-json\/wp\/v2\/media?parent=22545"}],"wp:term":[{"taxonomy":"category","embeddable":true,"href":"https:\/\/przedszkole61.edu.wroclaw.pl\/index.php\/wp-json\/wp\/v2\/categories?post=22545"},{"taxonomy":"post_tag","embeddable":true,"href":"https:\/\/przedszkole61.edu.wroclaw.pl\/index.php\/wp-json\/wp\/v2\/tags?post=22545"}],"curies":[{"name":"wp","href":"https:\/\/api.w.org\/{rel}","templated":true}]}}