
{"id":22563,"date":"2017-10-11T00:00:00","date_gmt":"2017-10-10T22:00:00","guid":{"rendered":"https:\/\/przedszkole61.edu.wroclaw.pl\/index.php\/2017\/10\/11\/krasnal-dynia\/"},"modified":"2021-04-02T13:32:56","modified_gmt":"2021-04-02T11:32:56","slug":"krasnal-dynia","status":"publish","type":"post","link":"https:\/\/przedszkole61.edu.wroclaw.pl\/index.php\/2017\/10\/11\/krasnal-dynia\/","title":{"rendered":"&#8222;Krasnal Dynia&#8221;"},"content":{"rendered":"<p>Dynie mo\u017cna wykorzystywa\u0107 nie tylko kulinarnie, ale r\u00f3wnie\u017c jako \u015bwietny materia\u0142 do prac plastycznych. A \u017ce sezon na dynie w\u0142a\u015bnie trwa, przedszkolaki z grupy II zaprojektowa\u0142y i wykona\u0142y wroc\u0142awskiego krasnoludka, kt\u00f3rego nazwa\u0142y Krasnal Dynia.<!--more--> Nie do\u015b\u0107, \u017ce wygl\u0105da uroczo, to jeszcze bardzo \u0142atwo mo\u017cna go zrobi\u0107! Wystarczy wzi\u0105\u0107 dyni\u0119, troch\u0119 bibu\u0142y, klej i &#8230; Krasnal Dynia gotowy!<\/p>\n\n","protected":false},"excerpt":{"rendered":"<p>Dynie mo\u017cna wykorzystywa\u0107 nie tylko kulinarnie, ale r\u00f3wnie\u017c jako \u015bwietny materia\u0142 do prac plastycznych. A \u017ce sezon na dynie w\u0142a\u015bnie trwa, przedszkolaki z grupy II zaprojektowa\u0142y i wykona\u0142y wroc\u0142awskiego krasnoludka, [&hellip;]<\/p>\n","protected":false},"author":186,"featured_media":22564,"comment_status":"closed","ping_status":"open","sticky":false,"template":"","format":"standard","meta":{"ngg_post_thumbnail":0,"footnotes":""},"categories":[8],"tags":[],"class_list":["post-22563","post","type-post","status-publish","format-standard","has-post-thumbnail","hentry","category-wydarzenia","clearfix"],"_links":{"self":[{"href":"https:\/\/przedszkole61.edu.wroclaw.pl\/index.php\/wp-json\/wp\/v2\/posts\/22563","targetHints":{"allow":["GET"]}}],"collection":[{"href":"https:\/\/przedszkole61.edu.wroclaw.pl\/index.php\/wp-json\/wp\/v2\/posts"}],"about":[{"href":"https:\/\/przedszkole61.edu.wroclaw.pl\/index.php\/wp-json\/wp\/v2\/types\/post"}],"author":[{"embeddable":true,"href":"https:\/\/przedszkole61.edu.wroclaw.pl\/index.php\/wp-json\/wp\/v2\/users\/186"}],"replies":[{"embeddable":true,"href":"https:\/\/przedszkole61.edu.wroclaw.pl\/index.php\/wp-json\/wp\/v2\/comments?post=22563"}],"version-history":[{"count":1,"href":"https:\/\/przedszkole61.edu.wroclaw.pl\/index.php\/wp-json\/wp\/v2\/posts\/22563\/revisions"}],"predecessor-version":[{"id":24825,"href":"https:\/\/przedszkole61.edu.wroclaw.pl\/index.php\/wp-json\/wp\/v2\/posts\/22563\/revisions\/24825"}],"wp:featuredmedia":[{"embeddable":true,"href":"https:\/\/przedszkole61.edu.wroclaw.pl\/index.php\/wp-json\/wp\/v2\/media\/22564"}],"wp:attachment":[{"href":"https:\/\/przedszkole61.edu.wroclaw.pl\/index.php\/wp-json\/wp\/v2\/media?parent=22563"}],"wp:term":[{"taxonomy":"category","embeddable":true,"href":"https:\/\/przedszkole61.edu.wroclaw.pl\/index.php\/wp-json\/wp\/v2\/categories?post=22563"},{"taxonomy":"post_tag","embeddable":true,"href":"https:\/\/przedszkole61.edu.wroclaw.pl\/index.php\/wp-json\/wp\/v2\/tags?post=22563"}],"curies":[{"name":"wp","href":"https:\/\/api.w.org\/{rel}","templated":true}]}}