
{"id":22578,"date":"2017-10-13T00:00:00","date_gmt":"2017-10-12T22:00:00","guid":{"rendered":"https:\/\/przedszkole61.edu.wroclaw.pl\/index.php\/2017\/10\/13\/akademia-pralin-edukacyjne-warsztaty-czekoladowe\/"},"modified":"2021-04-02T13:32:57","modified_gmt":"2021-04-02T11:32:57","slug":"akademia-pralin-edukacyjne-warsztaty-czekoladowe","status":"publish","type":"post","link":"https:\/\/przedszkole61.edu.wroclaw.pl\/index.php\/2017\/10\/13\/akademia-pralin-edukacyjne-warsztaty-czekoladowe\/","title":{"rendered":"&#8222;Akademia pralin&#8221; &#8211; edukacyjne warsztaty czekoladowe"},"content":{"rendered":"<p><strong>12 pa\u017adziernika 2017<\/strong> otworzyli\u015bmy w naszym przedszkolu &#8222;Akademi\u0119 pralin&#8221;. <!--more-->Przedszkolaki poznawa\u0142y histori\u0119 czekolady, proces jej produkcji, ogl\u0105da\u0142y owoce i ziarna kakaowca, w\u0105cha\u0142y cynamon i wanili\u0119 oraz rozwi\u0105zywa\u0142y zadania zwi\u0105zane z czekolad\u0105. Samodzielnie zrobi\u0142y czekoladowe smako\u0142yki. Dzielne &#8222;Gajowickie Skrzaty&#8221; da\u0142y z siebie wszystko; ka\u017cdy zosta\u0142 Mistrzem Czekolady! A na koniec czeka\u0142a na wszystkich niespodzianka &#8211; czekoladowa fontanna. By\u0142o pysznie. Mniam!<\/p>\n\n","protected":false},"excerpt":{"rendered":"<p>12 pa\u017adziernika 2017 otworzyli\u015bmy w naszym przedszkolu &#8222;Akademi\u0119 pralin&#8221;.<\/p>\n","protected":false},"author":186,"featured_media":22579,"comment_status":"closed","ping_status":"open","sticky":false,"template":"","format":"standard","meta":{"ngg_post_thumbnail":0,"footnotes":""},"categories":[8],"tags":[],"class_list":["post-22578","post","type-post","status-publish","format-standard","has-post-thumbnail","hentry","category-wydarzenia","clearfix"],"_links":{"self":[{"href":"https:\/\/przedszkole61.edu.wroclaw.pl\/index.php\/wp-json\/wp\/v2\/posts\/22578","targetHints":{"allow":["GET"]}}],"collection":[{"href":"https:\/\/przedszkole61.edu.wroclaw.pl\/index.php\/wp-json\/wp\/v2\/posts"}],"about":[{"href":"https:\/\/przedszkole61.edu.wroclaw.pl\/index.php\/wp-json\/wp\/v2\/types\/post"}],"author":[{"embeddable":true,"href":"https:\/\/przedszkole61.edu.wroclaw.pl\/index.php\/wp-json\/wp\/v2\/users\/186"}],"replies":[{"embeddable":true,"href":"https:\/\/przedszkole61.edu.wroclaw.pl\/index.php\/wp-json\/wp\/v2\/comments?post=22578"}],"version-history":[{"count":1,"href":"https:\/\/przedszkole61.edu.wroclaw.pl\/index.php\/wp-json\/wp\/v2\/posts\/22578\/revisions"}],"predecessor-version":[{"id":24828,"href":"https:\/\/przedszkole61.edu.wroclaw.pl\/index.php\/wp-json\/wp\/v2\/posts\/22578\/revisions\/24828"}],"wp:featuredmedia":[{"embeddable":true,"href":"https:\/\/przedszkole61.edu.wroclaw.pl\/index.php\/wp-json\/wp\/v2\/media\/22579"}],"wp:attachment":[{"href":"https:\/\/przedszkole61.edu.wroclaw.pl\/index.php\/wp-json\/wp\/v2\/media?parent=22578"}],"wp:term":[{"taxonomy":"category","embeddable":true,"href":"https:\/\/przedszkole61.edu.wroclaw.pl\/index.php\/wp-json\/wp\/v2\/categories?post=22578"},{"taxonomy":"post_tag","embeddable":true,"href":"https:\/\/przedszkole61.edu.wroclaw.pl\/index.php\/wp-json\/wp\/v2\/tags?post=22578"}],"curies":[{"name":"wp","href":"https:\/\/api.w.org\/{rel}","templated":true}]}}