
{"id":22592,"date":"2018-04-27T00:00:00","date_gmt":"2018-04-26T22:00:00","guid":{"rendered":"https:\/\/przedszkole61.edu.wroclaw.pl\/index.php\/2017\/10\/20\/zielony-rekord-polski\/"},"modified":"2021-04-02T13:33:02","modified_gmt":"2021-04-02T11:33:02","slug":"zielony-rekord-polski-2","status":"publish","type":"post","link":"https:\/\/przedszkole61.edu.wroclaw.pl\/index.php\/2018\/04\/27\/zielony-rekord-polski-2\/","title":{"rendered":"&#8222;Zielony Rekord Polski&#8221;"},"content":{"rendered":"<p><strong>27 kwietnia 2018<\/strong> &#8222;Gajowickie Skrzaty&#8221; po raz drugi bra\u0142y udzia\u0142 w biciu Zielonego Rekordu Polski. Wsp\u00f3lnie z grup\u0105 wolontariuszy zazieleni\u0142y ogr\u00f3d sadzonkami trzmieliny. <!--more-->Organizatorzy akcji: <a href=\"https:\/\/www.facebook.com\/dotlenieni.org\/\" data-hovercard=\"\/ajax\/hovercard\/page.php?id=312826625717145\" data-hovercard-position=\"below\">Dotlenieni.org<\/a> i <a id=\"js_3o\" href=\"https:\/\/www.facebook.com\/BiuroRekordow\/\" data-hovercard=\"\/ajax\/hovercard\/page.php?id=124900174227911\" data-hovercard-position=\"below\">Biuro Rekord\u00f3w<strong><\/p>\n<p><\/strong><\/a><\/p>\n<p>\u00a0<\/p>\n","protected":false},"excerpt":{"rendered":"<p>27 kwietnia 2018 &#8222;Gajowickie Skrzaty&#8221; po raz drugi bra\u0142y udzia\u0142 w biciu Zielonego Rekordu Polski. Wsp\u00f3lnie z grup\u0105 wolontariuszy zazieleni\u0142y ogr\u00f3d sadzonkami trzmieliny.<\/p>\n","protected":false},"author":186,"featured_media":22899,"comment_status":"closed","ping_status":"open","sticky":false,"template":"","format":"standard","meta":{"ngg_post_thumbnail":0,"footnotes":""},"categories":[8],"tags":[],"class_list":["post-22592","post","type-post","status-publish","format-standard","has-post-thumbnail","hentry","category-wydarzenia","clearfix"],"_links":{"self":[{"href":"https:\/\/przedszkole61.edu.wroclaw.pl\/index.php\/wp-json\/wp\/v2\/posts\/22592","targetHints":{"allow":["GET"]}}],"collection":[{"href":"https:\/\/przedszkole61.edu.wroclaw.pl\/index.php\/wp-json\/wp\/v2\/posts"}],"about":[{"href":"https:\/\/przedszkole61.edu.wroclaw.pl\/index.php\/wp-json\/wp\/v2\/types\/post"}],"author":[{"embeddable":true,"href":"https:\/\/przedszkole61.edu.wroclaw.pl\/index.php\/wp-json\/wp\/v2\/users\/186"}],"replies":[{"embeddable":true,"href":"https:\/\/przedszkole61.edu.wroclaw.pl\/index.php\/wp-json\/wp\/v2\/comments?post=22592"}],"version-history":[{"count":3,"href":"https:\/\/przedszkole61.edu.wroclaw.pl\/index.php\/wp-json\/wp\/v2\/posts\/22592\/revisions"}],"predecessor-version":[{"id":24876,"href":"https:\/\/przedszkole61.edu.wroclaw.pl\/index.php\/wp-json\/wp\/v2\/posts\/22592\/revisions\/24876"}],"wp:featuredmedia":[{"embeddable":true,"href":"https:\/\/przedszkole61.edu.wroclaw.pl\/index.php\/wp-json\/wp\/v2\/media\/22899"}],"wp:attachment":[{"href":"https:\/\/przedszkole61.edu.wroclaw.pl\/index.php\/wp-json\/wp\/v2\/media?parent=22592"}],"wp:term":[{"taxonomy":"category","embeddable":true,"href":"https:\/\/przedszkole61.edu.wroclaw.pl\/index.php\/wp-json\/wp\/v2\/categories?post=22592"},{"taxonomy":"post_tag","embeddable":true,"href":"https:\/\/przedszkole61.edu.wroclaw.pl\/index.php\/wp-json\/wp\/v2\/tags?post=22592"}],"curies":[{"name":"wp","href":"https:\/\/api.w.org\/{rel}","templated":true}]}}