
{"id":22606,"date":"2017-10-26T00:00:00","date_gmt":"2017-10-25T22:00:00","guid":{"rendered":"https:\/\/przedszkole61.edu.wroclaw.pl\/index.php\/2017\/10\/26\/jesienne-prace-w-ogrodzie\/"},"modified":"2021-04-02T13:32:57","modified_gmt":"2021-04-02T11:32:57","slug":"jesienne-prace-w-ogrodzie","status":"publish","type":"post","link":"https:\/\/przedszkole61.edu.wroclaw.pl\/index.php\/2017\/10\/26\/jesienne-prace-w-ogrodzie\/","title":{"rendered":"Jesienne prace w ogrodzie"},"content":{"rendered":"<p><strong>&#8222;Gajowickie Skrzaty&#8221; z grupy III<\/strong> to Mali Ogrodnicy. Korzystaj\u0105c z pi\u0119knej, jesiennej pogody, dzieci posadzi\u0142y na przedszkolnej rabatce cebulki kwiat\u00f3w zimuj\u0105cych w ziemi. Do zobaczenia na wiosn\u0119!<!--more--> <strong>Dzi\u0119kujemy Mamie Piotrusia z grupy III za zakup cebulek kwiatowych.<\/strong><\/p>\n\n","protected":false},"excerpt":{"rendered":"<p>&#8222;Gajowickie Skrzaty&#8221; z grupy III to Mali Ogrodnicy. Korzystaj\u0105c z pi\u0119knej, jesiennej pogody, dzieci posadzi\u0142y na przedszkolnej rabatce cebulki kwiat\u00f3w zimuj\u0105cych w ziemi. Do zobaczenia na wiosn\u0119!<\/p>\n","protected":false},"author":186,"featured_media":22607,"comment_status":"closed","ping_status":"open","sticky":false,"template":"","format":"standard","meta":{"ngg_post_thumbnail":0,"footnotes":""},"categories":[8],"tags":[],"class_list":["post-22606","post","type-post","status-publish","format-standard","has-post-thumbnail","hentry","category-wydarzenia","clearfix"],"_links":{"self":[{"href":"https:\/\/przedszkole61.edu.wroclaw.pl\/index.php\/wp-json\/wp\/v2\/posts\/22606","targetHints":{"allow":["GET"]}}],"collection":[{"href":"https:\/\/przedszkole61.edu.wroclaw.pl\/index.php\/wp-json\/wp\/v2\/posts"}],"about":[{"href":"https:\/\/przedszkole61.edu.wroclaw.pl\/index.php\/wp-json\/wp\/v2\/types\/post"}],"author":[{"embeddable":true,"href":"https:\/\/przedszkole61.edu.wroclaw.pl\/index.php\/wp-json\/wp\/v2\/users\/186"}],"replies":[{"embeddable":true,"href":"https:\/\/przedszkole61.edu.wroclaw.pl\/index.php\/wp-json\/wp\/v2\/comments?post=22606"}],"version-history":[{"count":1,"href":"https:\/\/przedszkole61.edu.wroclaw.pl\/index.php\/wp-json\/wp\/v2\/posts\/22606\/revisions"}],"predecessor-version":[{"id":24832,"href":"https:\/\/przedszkole61.edu.wroclaw.pl\/index.php\/wp-json\/wp\/v2\/posts\/22606\/revisions\/24832"}],"wp:featuredmedia":[{"embeddable":true,"href":"https:\/\/przedszkole61.edu.wroclaw.pl\/index.php\/wp-json\/wp\/v2\/media\/22607"}],"wp:attachment":[{"href":"https:\/\/przedszkole61.edu.wroclaw.pl\/index.php\/wp-json\/wp\/v2\/media?parent=22606"}],"wp:term":[{"taxonomy":"category","embeddable":true,"href":"https:\/\/przedszkole61.edu.wroclaw.pl\/index.php\/wp-json\/wp\/v2\/categories?post=22606"},{"taxonomy":"post_tag","embeddable":true,"href":"https:\/\/przedszkole61.edu.wroclaw.pl\/index.php\/wp-json\/wp\/v2\/tags?post=22606"}],"curies":[{"name":"wp","href":"https:\/\/api.w.org\/{rel}","templated":true}]}}