
{"id":22613,"date":"2017-11-07T00:00:00","date_gmt":"2017-11-06T23:00:00","guid":{"rendered":"https:\/\/przedszkole61.edu.wroclaw.pl\/index.php\/2017\/11\/07\/straz-miejska-w-przedszkolu\/"},"modified":"2021-04-02T13:32:57","modified_gmt":"2021-04-02T11:32:57","slug":"straz-miejska-w-przedszkolu","status":"publish","type":"post","link":"https:\/\/przedszkole61.edu.wroclaw.pl\/index.php\/2017\/11\/07\/straz-miejska-w-przedszkolu\/","title":{"rendered":"Stra\u017c Miejska w przedszkolu"},"content":{"rendered":"<p><strong>6 i 7 listopada 2017<\/strong> &#8222;Gajowickie Skrzaty&#8221; uczestniczy\u0142y w zaj\u0119ciach edukacyjnych z przedstawicielami Stra\u017cy Miejskiej. <!--more-->Podczas zaj\u0119\u0107, dzieci dowiedzia\u0142y si\u0119 czym zajmuje si\u0119 Stra\u017c Miejska, jak wygl\u0105daj\u0105 oznaczenia na mundurze i czapce; pozna\u0142y zasady bezpiecznego zachowania: na drodze, placu zabaw, w sklepie, domu i przedszkolu. Dzieci utrwali\u0142y numery alarmowe oraz \u0107wiczy\u0142y prawid\u0142owe zachowania w przypadku ataku agresywnego psa. Na zako\u0144czenie ka\u017cdy przedszkolak otrzyma\u0142 upominek &#8211; znaczek odblaskowy. Dzi\u0119kujemy!<\/p>\n\n","protected":false},"excerpt":{"rendered":"<p>6 i 7 listopada 2017 &#8222;Gajowickie Skrzaty&#8221; uczestniczy\u0142y w zaj\u0119ciach edukacyjnych z przedstawicielami Stra\u017cy Miejskiej.<\/p>\n","protected":false},"author":186,"featured_media":22614,"comment_status":"closed","ping_status":"open","sticky":false,"template":"","format":"standard","meta":{"ngg_post_thumbnail":0,"footnotes":""},"categories":[8],"tags":[],"class_list":["post-22613","post","type-post","status-publish","format-standard","has-post-thumbnail","hentry","category-wydarzenia","clearfix"],"_links":{"self":[{"href":"https:\/\/przedszkole61.edu.wroclaw.pl\/index.php\/wp-json\/wp\/v2\/posts\/22613","targetHints":{"allow":["GET"]}}],"collection":[{"href":"https:\/\/przedszkole61.edu.wroclaw.pl\/index.php\/wp-json\/wp\/v2\/posts"}],"about":[{"href":"https:\/\/przedszkole61.edu.wroclaw.pl\/index.php\/wp-json\/wp\/v2\/types\/post"}],"author":[{"embeddable":true,"href":"https:\/\/przedszkole61.edu.wroclaw.pl\/index.php\/wp-json\/wp\/v2\/users\/186"}],"replies":[{"embeddable":true,"href":"https:\/\/przedszkole61.edu.wroclaw.pl\/index.php\/wp-json\/wp\/v2\/comments?post=22613"}],"version-history":[{"count":1,"href":"https:\/\/przedszkole61.edu.wroclaw.pl\/index.php\/wp-json\/wp\/v2\/posts\/22613\/revisions"}],"predecessor-version":[{"id":24833,"href":"https:\/\/przedszkole61.edu.wroclaw.pl\/index.php\/wp-json\/wp\/v2\/posts\/22613\/revisions\/24833"}],"wp:featuredmedia":[{"embeddable":true,"href":"https:\/\/przedszkole61.edu.wroclaw.pl\/index.php\/wp-json\/wp\/v2\/media\/22614"}],"wp:attachment":[{"href":"https:\/\/przedszkole61.edu.wroclaw.pl\/index.php\/wp-json\/wp\/v2\/media?parent=22613"}],"wp:term":[{"taxonomy":"category","embeddable":true,"href":"https:\/\/przedszkole61.edu.wroclaw.pl\/index.php\/wp-json\/wp\/v2\/categories?post=22613"},{"taxonomy":"post_tag","embeddable":true,"href":"https:\/\/przedszkole61.edu.wroclaw.pl\/index.php\/wp-json\/wp\/v2\/tags?post=22613"}],"curies":[{"name":"wp","href":"https:\/\/api.w.org\/{rel}","templated":true}]}}