
{"id":22619,"date":"2017-11-08T00:00:00","date_gmt":"2017-11-07T23:00:00","guid":{"rendered":"https:\/\/przedszkole61.edu.wroclaw.pl\/index.php\/2017\/11\/08\/fantazja-na-tematy-polskie-muzykolandia\/"},"modified":"2021-04-02T13:32:57","modified_gmt":"2021-04-02T11:32:57","slug":"fantazja-na-tematy-polskie-muzykolandia","status":"publish","type":"post","link":"https:\/\/przedszkole61.edu.wroclaw.pl\/index.php\/2017\/11\/08\/fantazja-na-tematy-polskie-muzykolandia\/","title":{"rendered":"&#8222;Fantazja na tematy polskie&#8221; &#8211; Muzykolandia"},"content":{"rendered":"<p><strong>8 listopada 2017<\/strong> przedszkolaki pozna\u0142y polskie ta\u0144ce narodowe: Poloneza, Mazura, Krakowiaka, Oberka oraz charakterystyczne dla nich przepi\u0119kne stroje. By\u0142o kolorowo, widowiskowo i z przytupem!<!--more--><\/p>\n\n","protected":false},"excerpt":{"rendered":"<p>8 listopada 2017 przedszkolaki pozna\u0142y polskie ta\u0144ce narodowe: Poloneza, Mazura, Krakowiaka, Oberka oraz charakterystyczne dla nich przepi\u0119kne stroje. By\u0142o kolorowo, widowiskowo i z przytupem!<\/p>\n","protected":false},"author":186,"featured_media":22620,"comment_status":"closed","ping_status":"open","sticky":false,"template":"","format":"standard","meta":{"ngg_post_thumbnail":0,"footnotes":""},"categories":[8],"tags":[],"class_list":["post-22619","post","type-post","status-publish","format-standard","has-post-thumbnail","hentry","category-wydarzenia","clearfix"],"_links":{"self":[{"href":"https:\/\/przedszkole61.edu.wroclaw.pl\/index.php\/wp-json\/wp\/v2\/posts\/22619","targetHints":{"allow":["GET"]}}],"collection":[{"href":"https:\/\/przedszkole61.edu.wroclaw.pl\/index.php\/wp-json\/wp\/v2\/posts"}],"about":[{"href":"https:\/\/przedszkole61.edu.wroclaw.pl\/index.php\/wp-json\/wp\/v2\/types\/post"}],"author":[{"embeddable":true,"href":"https:\/\/przedszkole61.edu.wroclaw.pl\/index.php\/wp-json\/wp\/v2\/users\/186"}],"replies":[{"embeddable":true,"href":"https:\/\/przedszkole61.edu.wroclaw.pl\/index.php\/wp-json\/wp\/v2\/comments?post=22619"}],"version-history":[{"count":1,"href":"https:\/\/przedszkole61.edu.wroclaw.pl\/index.php\/wp-json\/wp\/v2\/posts\/22619\/revisions"}],"predecessor-version":[{"id":24834,"href":"https:\/\/przedszkole61.edu.wroclaw.pl\/index.php\/wp-json\/wp\/v2\/posts\/22619\/revisions\/24834"}],"wp:featuredmedia":[{"embeddable":true,"href":"https:\/\/przedszkole61.edu.wroclaw.pl\/index.php\/wp-json\/wp\/v2\/media\/22620"}],"wp:attachment":[{"href":"https:\/\/przedszkole61.edu.wroclaw.pl\/index.php\/wp-json\/wp\/v2\/media?parent=22619"}],"wp:term":[{"taxonomy":"category","embeddable":true,"href":"https:\/\/przedszkole61.edu.wroclaw.pl\/index.php\/wp-json\/wp\/v2\/categories?post=22619"},{"taxonomy":"post_tag","embeddable":true,"href":"https:\/\/przedszkole61.edu.wroclaw.pl\/index.php\/wp-json\/wp\/v2\/tags?post=22619"}],"curies":[{"name":"wp","href":"https:\/\/api.w.org\/{rel}","templated":true}]}}