
{"id":22627,"date":"2017-11-20T00:00:00","date_gmt":"2017-11-19T23:00:00","guid":{"rendered":"https:\/\/przedszkole61.edu.wroclaw.pl\/index.php\/2017\/11\/20\/ix-festiwal-zdrowia\/"},"modified":"2021-04-02T13:32:57","modified_gmt":"2021-04-02T11:32:57","slug":"ix-festiwal-zdrowia","status":"publish","type":"post","link":"https:\/\/przedszkole61.edu.wroclaw.pl\/index.php\/2017\/11\/20\/ix-festiwal-zdrowia\/","title":{"rendered":"IX Festiwal Zdrowia"},"content":{"rendered":"<p><strong>20 listopada 2017<\/strong> dzieci z grupy IV reprezentowa\u0142y nasze przedszkole na IX Festiwalu Zdrowia, organizowanym w Przedszkolu nr 4, pod patronatem Wroc\u0142awskiej Sieci Przedszkoli i Szk\u00f3\u0142 Promuj\u0105cych Zdrowie. <!--more-->&#8222;Gajowickie Skrzaty&#8221; wykaza\u0142y si\u0119 du\u017c\u0105 sprawno\u015bci\u0105 fizyczn\u0105, przestrzega\u0142y zasad zdrowej rywalizacji i wspaniale si\u0119 bawi\u0142y. Po wyczerpuj\u0105cych zmaganiach sportowych by\u0142 czas na odpoczynek i zdrowy pocz\u0119stunek. IX Festiwal Zdrowia zako\u0144czy\u0142 si\u0119 uroczystym wr\u0119czeniem pucharu i dyplomu. Brawo &#8222;Gajowickie Skrzaty&#8221;!<\/p>\n<div id='pe-gallery-1' class='pe-gallery pe-gallery-22627 columns-3 img-size-medium'><div class='pe-row'><div class='col-md-4'><figure tabindex='0' class='pe-gallery-item ' ><div class='pe-gallery-image landscape'>\r\n\t\t\t\t\t\t\t<a href=\"https:\/\/przedszkole61.edu.wroclaw.pl\/wp-content\/uploads\/sites\/58\/2017\/11\/IMG_4238.jpg\"><img loading=\"lazy\" decoding=\"async\" width=\"300\" height=\"225\" src=\"https:\/\/przedszkole61.edu.wroclaw.pl\/wp-content\/uploads\/sites\/58\/2017\/11\/IMG_4238-300x225.jpg\" class=\"attachment-medium size-medium\" alt=\"\" data-no-retina=\"\" srcset=\"https:\/\/przedszkole61.edu.wroclaw.pl\/wp-content\/uploads\/sites\/58\/2017\/11\/IMG_4238-300x225.jpg 300w, https:\/\/przedszkole61.edu.wroclaw.pl\/wp-content\/uploads\/sites\/58\/2017\/11\/IMG_4238-768x576.jpg 768w, https:\/\/przedszkole61.edu.wroclaw.pl\/wp-content\/uploads\/sites\/58\/2017\/11\/IMG_4238-600x450.jpg 600w, https:\/\/przedszkole61.edu.wroclaw.pl\/wp-content\/uploads\/sites\/58\/2017\/11\/IMG_4238.jpg 900w\" sizes=\"auto, (max-width: 300px) 100vw, 300px\" \/><\/a>\r\n\t\t\t\t\t\t<\/div><\/figure><\/div><\/div><\/div>\n\n","protected":false},"excerpt":{"rendered":"<p>20 listopada 2017 dzieci z grupy IV reprezentowa\u0142y nasze przedszkole na IX Festiwalu Zdrowia, organizowanym w Przedszkolu nr 4, pod patronatem Wroc\u0142awskiej Sieci Przedszkoli i Szk\u00f3\u0142 Promuj\u0105cych Zdrowie.<\/p>\n","protected":false},"author":186,"featured_media":22628,"comment_status":"closed","ping_status":"open","sticky":false,"template":"","format":"standard","meta":{"ngg_post_thumbnail":0,"footnotes":""},"categories":[8],"tags":[],"class_list":["post-22627","post","type-post","status-publish","format-standard","has-post-thumbnail","hentry","category-wydarzenia","clearfix"],"_links":{"self":[{"href":"https:\/\/przedszkole61.edu.wroclaw.pl\/index.php\/wp-json\/wp\/v2\/posts\/22627","targetHints":{"allow":["GET"]}}],"collection":[{"href":"https:\/\/przedszkole61.edu.wroclaw.pl\/index.php\/wp-json\/wp\/v2\/posts"}],"about":[{"href":"https:\/\/przedszkole61.edu.wroclaw.pl\/index.php\/wp-json\/wp\/v2\/types\/post"}],"author":[{"embeddable":true,"href":"https:\/\/przedszkole61.edu.wroclaw.pl\/index.php\/wp-json\/wp\/v2\/users\/186"}],"replies":[{"embeddable":true,"href":"https:\/\/przedszkole61.edu.wroclaw.pl\/index.php\/wp-json\/wp\/v2\/comments?post=22627"}],"version-history":[{"count":1,"href":"https:\/\/przedszkole61.edu.wroclaw.pl\/index.php\/wp-json\/wp\/v2\/posts\/22627\/revisions"}],"predecessor-version":[{"id":24836,"href":"https:\/\/przedszkole61.edu.wroclaw.pl\/index.php\/wp-json\/wp\/v2\/posts\/22627\/revisions\/24836"}],"wp:featuredmedia":[{"embeddable":true,"href":"https:\/\/przedszkole61.edu.wroclaw.pl\/index.php\/wp-json\/wp\/v2\/media\/22628"}],"wp:attachment":[{"href":"https:\/\/przedszkole61.edu.wroclaw.pl\/index.php\/wp-json\/wp\/v2\/media?parent=22627"}],"wp:term":[{"taxonomy":"category","embeddable":true,"href":"https:\/\/przedszkole61.edu.wroclaw.pl\/index.php\/wp-json\/wp\/v2\/categories?post=22627"},{"taxonomy":"post_tag","embeddable":true,"href":"https:\/\/przedszkole61.edu.wroclaw.pl\/index.php\/wp-json\/wp\/v2\/tags?post=22627"}],"curies":[{"name":"wp","href":"https:\/\/api.w.org\/{rel}","templated":true}]}}