
{"id":22632,"date":"2017-11-23T00:00:00","date_gmt":"2017-11-22T23:00:00","guid":{"rendered":"https:\/\/przedszkole61.edu.wroclaw.pl\/index.php\/2017\/11\/23\/okruszkowe-spotkanie-autorskie-spotkanie-z-pania-marta-szloser\/"},"modified":"2021-04-02T13:32:57","modified_gmt":"2021-04-02T11:32:57","slug":"okruszkowe-spotkanie-autorskie-spotkanie-z-pania-marta-szloser","status":"publish","type":"post","link":"https:\/\/przedszkole61.edu.wroclaw.pl\/index.php\/2017\/11\/23\/okruszkowe-spotkanie-autorskie-spotkanie-z-pania-marta-szloser\/","title":{"rendered":"&#8222;Okruszkowe spotkanie&#8221; &#8211; autorskie spotkanie z Pani\u0105 Mart\u0105 Szloser"},"content":{"rendered":"<p><strong>23 listopada 2017<\/strong> &#8222;Gajowickie Skrzaty&#8221; z grupy: III, IV i V spotka\u0142y si\u0119 z Pani\u0105 Mart\u0105 Szloser &#8211; wroc\u0142awsk\u0105 autork\u0105 ksi\u0105\u017cki dla dzieci pt.: &#8222;Okruszki&#8221;. Pani Marcie towarzyszy\u0142 jeden z bohater\u00f3w ksi\u0105\u017cki &#8211; uroczy i bardzo &#8222;przytula\u015bny&#8221; piesek Knedel. <!--more-->Podczas spotkania troch\u0119 czytali\u015bmy i rozmawiali\u015bmy a potem pu\u015bcili\u015bmy wodze wyobra\u017ani i wykonali\u015bmy weso\u0142e okruszkowe stworki. Bawili\u015bmy si\u0119 \u015bwietnie!\u00a0 Ka\u017cda grupa otrzyma\u0142a od Pani Marty ksi\u0105\u017ck\u0119 pt.: &#8222;Okruszki&#8221; z dedykacj\u0105. Dzi\u0119kujemy za spotkanie!<\/p>\n\n","protected":false},"excerpt":{"rendered":"<p>23 listopada 2017 &#8222;Gajowickie Skrzaty&#8221; z grupy: III, IV i V spotka\u0142y si\u0119 z Pani\u0105 Mart\u0105 Szloser &#8211; wroc\u0142awsk\u0105 autork\u0105 ksi\u0105\u017cki dla dzieci pt.: &#8222;Okruszki&#8221;. Pani Marcie towarzyszy\u0142 jeden z [&hellip;]<\/p>\n","protected":false},"author":186,"featured_media":21425,"comment_status":"closed","ping_status":"open","sticky":false,"template":"","format":"standard","meta":{"ngg_post_thumbnail":0,"footnotes":""},"categories":[8],"tags":[],"class_list":["post-22632","post","type-post","status-publish","format-standard","has-post-thumbnail","hentry","category-wydarzenia","clearfix"],"_links":{"self":[{"href":"https:\/\/przedszkole61.edu.wroclaw.pl\/index.php\/wp-json\/wp\/v2\/posts\/22632","targetHints":{"allow":["GET"]}}],"collection":[{"href":"https:\/\/przedszkole61.edu.wroclaw.pl\/index.php\/wp-json\/wp\/v2\/posts"}],"about":[{"href":"https:\/\/przedszkole61.edu.wroclaw.pl\/index.php\/wp-json\/wp\/v2\/types\/post"}],"author":[{"embeddable":true,"href":"https:\/\/przedszkole61.edu.wroclaw.pl\/index.php\/wp-json\/wp\/v2\/users\/186"}],"replies":[{"embeddable":true,"href":"https:\/\/przedszkole61.edu.wroclaw.pl\/index.php\/wp-json\/wp\/v2\/comments?post=22632"}],"version-history":[{"count":1,"href":"https:\/\/przedszkole61.edu.wroclaw.pl\/index.php\/wp-json\/wp\/v2\/posts\/22632\/revisions"}],"predecessor-version":[{"id":24837,"href":"https:\/\/przedszkole61.edu.wroclaw.pl\/index.php\/wp-json\/wp\/v2\/posts\/22632\/revisions\/24837"}],"wp:featuredmedia":[{"embeddable":true,"href":"https:\/\/przedszkole61.edu.wroclaw.pl\/index.php\/wp-json\/wp\/v2\/media\/21425"}],"wp:attachment":[{"href":"https:\/\/przedszkole61.edu.wroclaw.pl\/index.php\/wp-json\/wp\/v2\/media?parent=22632"}],"wp:term":[{"taxonomy":"category","embeddable":true,"href":"https:\/\/przedszkole61.edu.wroclaw.pl\/index.php\/wp-json\/wp\/v2\/categories?post=22632"},{"taxonomy":"post_tag","embeddable":true,"href":"https:\/\/przedszkole61.edu.wroclaw.pl\/index.php\/wp-json\/wp\/v2\/tags?post=22632"}],"curies":[{"name":"wp","href":"https:\/\/api.w.org\/{rel}","templated":true}]}}