
{"id":22700,"date":"2017-11-29T00:00:00","date_gmt":"2017-11-28T23:00:00","guid":{"rendered":"https:\/\/przedszkole61.edu.wroclaw.pl\/index.php\/2017\/11\/29\/jas-i-malgosia-wroclaw-znaja-do-zwiedzania-zapraszaja\/"},"modified":"2021-04-02T13:32:58","modified_gmt":"2021-04-02T11:32:58","slug":"jas-i-malgosia-wroclaw-znaja-do-zwiedzania-zapraszaja","status":"publish","type":"post","link":"https:\/\/przedszkole61.edu.wroclaw.pl\/index.php\/2017\/11\/29\/jas-i-malgosia-wroclaw-znaja-do-zwiedzania-zapraszaja\/","title":{"rendered":"&#8222;Ja\u015b i Ma\u0142gosia Wroc\u0142aw znaj\u0105 do zwiedzania zapraszaj\u0105&#8221;"},"content":{"rendered":"<p>Tradycj\u0105 naszego przedszkola jest organizowanie konkurs\u00f3w fotograficznych. W pa\u017adzierniku 2017, przedszkole zorganizowa\u0142o konkurs fotograficzny dla wroc\u0142awskich przedszkoli pt.: &#8222;Ja\u015b i Ma\u0142gosia Wroc\u0142aw znaj\u0105 do zwiedzania zapraszaj\u0105&#8221;.<!--more--> W jesiennej edycji konkursu wzi\u0119\u0142y udzia\u0142 trzy przedszkola: P &#8211; 58, P &#8211; 47 &#8222;Le\u015bny Ludek&#8221;, P &#8211; 117 &#8222;Fio\u0142kowa Kraina&#8221;. Na zorganizowanej wystawie prezentujemy dwana\u015bcie prac. Dzi\u0119kujemy za zaanga\u017cowanie i przybli\u017cenie dzieciom znanych i mniej znanych zak\u0105tk\u00f3w naszego miasta.<\/p>\n\n<p>\u00a0<\/p>\n","protected":false},"excerpt":{"rendered":"<p>Tradycj\u0105 naszego przedszkola jest organizowanie konkurs\u00f3w fotograficznych. W pa\u017adzierniku 2017, przedszkole zorganizowa\u0142o konkurs fotograficzny dla wroc\u0142awskich przedszkoli pt.: &#8222;Ja\u015b i Ma\u0142gosia Wroc\u0142aw znaj\u0105 do zwiedzania zapraszaj\u0105&#8221;.<\/p>\n","protected":false},"author":186,"featured_media":22701,"comment_status":"closed","ping_status":"open","sticky":false,"template":"","format":"standard","meta":{"ngg_post_thumbnail":0,"footnotes":""},"categories":[8],"tags":[],"class_list":["post-22700","post","type-post","status-publish","format-standard","has-post-thumbnail","hentry","category-wydarzenia","clearfix"],"_links":{"self":[{"href":"https:\/\/przedszkole61.edu.wroclaw.pl\/index.php\/wp-json\/wp\/v2\/posts\/22700","targetHints":{"allow":["GET"]}}],"collection":[{"href":"https:\/\/przedszkole61.edu.wroclaw.pl\/index.php\/wp-json\/wp\/v2\/posts"}],"about":[{"href":"https:\/\/przedszkole61.edu.wroclaw.pl\/index.php\/wp-json\/wp\/v2\/types\/post"}],"author":[{"embeddable":true,"href":"https:\/\/przedszkole61.edu.wroclaw.pl\/index.php\/wp-json\/wp\/v2\/users\/186"}],"replies":[{"embeddable":true,"href":"https:\/\/przedszkole61.edu.wroclaw.pl\/index.php\/wp-json\/wp\/v2\/comments?post=22700"}],"version-history":[{"count":1,"href":"https:\/\/przedszkole61.edu.wroclaw.pl\/index.php\/wp-json\/wp\/v2\/posts\/22700\/revisions"}],"predecessor-version":[{"id":24840,"href":"https:\/\/przedszkole61.edu.wroclaw.pl\/index.php\/wp-json\/wp\/v2\/posts\/22700\/revisions\/24840"}],"wp:featuredmedia":[{"embeddable":true,"href":"https:\/\/przedszkole61.edu.wroclaw.pl\/index.php\/wp-json\/wp\/v2\/media\/22701"}],"wp:attachment":[{"href":"https:\/\/przedszkole61.edu.wroclaw.pl\/index.php\/wp-json\/wp\/v2\/media?parent=22700"}],"wp:term":[{"taxonomy":"category","embeddable":true,"href":"https:\/\/przedszkole61.edu.wroclaw.pl\/index.php\/wp-json\/wp\/v2\/categories?post=22700"},{"taxonomy":"post_tag","embeddable":true,"href":"https:\/\/przedszkole61.edu.wroclaw.pl\/index.php\/wp-json\/wp\/v2\/tags?post=22700"}],"curies":[{"name":"wp","href":"https:\/\/api.w.org\/{rel}","templated":true}]}}