
{"id":22707,"date":"2017-11-29T00:00:00","date_gmt":"2017-11-28T23:00:00","guid":{"rendered":"https:\/\/przedszkole61.edu.wroclaw.pl\/index.php\/2017\/11\/29\/pasowanie-na-przedszkolaka-gajowickiego-skrzata\/"},"modified":"2021-04-02T13:32:58","modified_gmt":"2021-04-02T11:32:58","slug":"pasowanie-na-przedszkolaka-gajowickiego-skrzata","status":"publish","type":"post","link":"https:\/\/przedszkole61.edu.wroclaw.pl\/index.php\/2017\/11\/29\/pasowanie-na-przedszkolaka-gajowickiego-skrzata\/","title":{"rendered":"&#8222;Pasowanie na Przedszkolaka &#8211; Gajowickiego Skrzata&#8221; w grupie I"},"content":{"rendered":"<p><strong>29 listopada 2017<\/strong> dzieci z grupy I zosta\u0142y uroczy\u015bcie &#8222;Pasowane na Przedszkolaka &#8211; Gajowickiego Skrzata&#8221;. <!--more-->Dzieci przygotowa\u0142y na t\u0119 uroczysto\u015b\u0107: wierszyki, piosenki i ta\u0144ce. &#8222;Maluszki&#8221; swoim wyst\u0119pem oczarowa\u0142y zebranych rodzic\u00f3w, kt\u00f3rzy nie szcz\u0119dzili im braw! Dyrektor Przedszkola &#8211; Pani Joanna Jandy, z pomoc\u0105 pluszowego &#8222;Gajowickiego Skrzata&#8221; pasowa\u0142a ka\u017cde dziecko na przedszkolaka. Na pami\u0105tk\u0119 tego wa\u017cnego wydarzenia ka\u017cdy przedszkolak otrzyma\u0142 dyplom oraz upominek &#8211; ksi\u0105\u017ck\u0119.<\/p>\n<p><strong>Mamo, Tato! Jestem ju\u017c przedszkolakiem &#8211; &#8222;Gajowickim Skrzatem&#8221;.<\/strong><\/p>\n\n","protected":false},"excerpt":{"rendered":"<p>29 listopada 2017 dzieci z grupy I zosta\u0142y uroczy\u015bcie &#8222;Pasowane na Przedszkolaka &#8211; Gajowickiego Skrzata&#8221;.<\/p>\n","protected":false},"author":186,"featured_media":22708,"comment_status":"closed","ping_status":"open","sticky":false,"template":"","format":"standard","meta":{"ngg_post_thumbnail":0,"footnotes":""},"categories":[8],"tags":[],"class_list":["post-22707","post","type-post","status-publish","format-standard","has-post-thumbnail","hentry","category-wydarzenia","clearfix"],"_links":{"self":[{"href":"https:\/\/przedszkole61.edu.wroclaw.pl\/index.php\/wp-json\/wp\/v2\/posts\/22707","targetHints":{"allow":["GET"]}}],"collection":[{"href":"https:\/\/przedszkole61.edu.wroclaw.pl\/index.php\/wp-json\/wp\/v2\/posts"}],"about":[{"href":"https:\/\/przedszkole61.edu.wroclaw.pl\/index.php\/wp-json\/wp\/v2\/types\/post"}],"author":[{"embeddable":true,"href":"https:\/\/przedszkole61.edu.wroclaw.pl\/index.php\/wp-json\/wp\/v2\/users\/186"}],"replies":[{"embeddable":true,"href":"https:\/\/przedszkole61.edu.wroclaw.pl\/index.php\/wp-json\/wp\/v2\/comments?post=22707"}],"version-history":[{"count":1,"href":"https:\/\/przedszkole61.edu.wroclaw.pl\/index.php\/wp-json\/wp\/v2\/posts\/22707\/revisions"}],"predecessor-version":[{"id":24841,"href":"https:\/\/przedszkole61.edu.wroclaw.pl\/index.php\/wp-json\/wp\/v2\/posts\/22707\/revisions\/24841"}],"wp:featuredmedia":[{"embeddable":true,"href":"https:\/\/przedszkole61.edu.wroclaw.pl\/index.php\/wp-json\/wp\/v2\/media\/22708"}],"wp:attachment":[{"href":"https:\/\/przedszkole61.edu.wroclaw.pl\/index.php\/wp-json\/wp\/v2\/media?parent=22707"}],"wp:term":[{"taxonomy":"category","embeddable":true,"href":"https:\/\/przedszkole61.edu.wroclaw.pl\/index.php\/wp-json\/wp\/v2\/categories?post=22707"},{"taxonomy":"post_tag","embeddable":true,"href":"https:\/\/przedszkole61.edu.wroclaw.pl\/index.php\/wp-json\/wp\/v2\/tags?post=22707"}],"curies":[{"name":"wp","href":"https:\/\/api.w.org\/{rel}","templated":true}]}}