
{"id":22725,"date":"2017-12-08T00:00:00","date_gmt":"2017-12-07T23:00:00","guid":{"rendered":"https:\/\/przedszkole61.edu.wroclaw.pl\/index.php\/2017\/12\/08\/slady-mikolaja-muzobajka\/"},"modified":"2021-04-02T13:32:58","modified_gmt":"2021-04-02T11:32:58","slug":"slady-mikolaja-muzobajka","status":"publish","type":"post","link":"https:\/\/przedszkole61.edu.wroclaw.pl\/index.php\/2017\/12\/08\/slady-mikolaja-muzobajka\/","title":{"rendered":"&#8222;\u015alady Miko\u0142aja&#8221; &#8211; Muzobajka"},"content":{"rendered":"<p><strong>8 grudnia 2017<\/strong>\u00a0 &#8222;Gajowickie Skrzaty&#8221; pozna\u0142y histori\u0119 pewnego Krasnala, kt\u00f3ry spotyka na swojej drodze Emilk\u0119, a ona zna dobrze \u015bw.\u00a0 Miko\u0142aja &#8230;<!--more--><\/p>\n<p>\u00a0<\/p>\n\n","protected":false},"excerpt":{"rendered":"<p>8 grudnia 2017\u00a0 &#8222;Gajowickie Skrzaty&#8221; pozna\u0142y histori\u0119 pewnego Krasnala, kt\u00f3ry spotyka na swojej drodze Emilk\u0119, a ona zna dobrze \u015bw.\u00a0 Miko\u0142aja &#8230;<\/p>\n","protected":false},"author":186,"featured_media":22726,"comment_status":"closed","ping_status":"open","sticky":false,"template":"","format":"standard","meta":{"ngg_post_thumbnail":0,"footnotes":""},"categories":[8],"tags":[],"class_list":["post-22725","post","type-post","status-publish","format-standard","has-post-thumbnail","hentry","category-wydarzenia","clearfix"],"_links":{"self":[{"href":"https:\/\/przedszkole61.edu.wroclaw.pl\/index.php\/wp-json\/wp\/v2\/posts\/22725","targetHints":{"allow":["GET"]}}],"collection":[{"href":"https:\/\/przedszkole61.edu.wroclaw.pl\/index.php\/wp-json\/wp\/v2\/posts"}],"about":[{"href":"https:\/\/przedszkole61.edu.wroclaw.pl\/index.php\/wp-json\/wp\/v2\/types\/post"}],"author":[{"embeddable":true,"href":"https:\/\/przedszkole61.edu.wroclaw.pl\/index.php\/wp-json\/wp\/v2\/users\/186"}],"replies":[{"embeddable":true,"href":"https:\/\/przedszkole61.edu.wroclaw.pl\/index.php\/wp-json\/wp\/v2\/comments?post=22725"}],"version-history":[{"count":1,"href":"https:\/\/przedszkole61.edu.wroclaw.pl\/index.php\/wp-json\/wp\/v2\/posts\/22725\/revisions"}],"predecessor-version":[{"id":24844,"href":"https:\/\/przedszkole61.edu.wroclaw.pl\/index.php\/wp-json\/wp\/v2\/posts\/22725\/revisions\/24844"}],"wp:featuredmedia":[{"embeddable":true,"href":"https:\/\/przedszkole61.edu.wroclaw.pl\/index.php\/wp-json\/wp\/v2\/media\/22726"}],"wp:attachment":[{"href":"https:\/\/przedszkole61.edu.wroclaw.pl\/index.php\/wp-json\/wp\/v2\/media?parent=22725"}],"wp:term":[{"taxonomy":"category","embeddable":true,"href":"https:\/\/przedszkole61.edu.wroclaw.pl\/index.php\/wp-json\/wp\/v2\/categories?post=22725"},{"taxonomy":"post_tag","embeddable":true,"href":"https:\/\/przedszkole61.edu.wroclaw.pl\/index.php\/wp-json\/wp\/v2\/tags?post=22725"}],"curies":[{"name":"wp","href":"https:\/\/api.w.org\/{rel}","templated":true}]}}