
{"id":22732,"date":"2017-12-12T00:00:00","date_gmt":"2017-12-11T23:00:00","guid":{"rendered":"https:\/\/przedszkole61.edu.wroclaw.pl\/index.php\/2017\/12\/12\/pasowanie-na-przedszkolaka-gajowickiego-skrzata-w-grupie-ii\/"},"modified":"2021-04-02T13:32:58","modified_gmt":"2021-04-02T11:32:58","slug":"pasowanie-na-przedszkolaka-gajowickiego-skrzata-w-grupie-ii","status":"publish","type":"post","link":"https:\/\/przedszkole61.edu.wroclaw.pl\/index.php\/2017\/12\/12\/pasowanie-na-przedszkolaka-gajowickiego-skrzata-w-grupie-ii\/","title":{"rendered":"&#8222;Pasowanie na Przedszkolaka &#8211; Gajowickiego Skrzata&#8221; w grupie II"},"content":{"rendered":"<p><strong>12 grudnia 2017<\/strong> w grupie II odby\u0142o si\u0119 uroczyste &#8222;Pasowanie na Przedszkolaka &#8211; Gajowickiego Skrzata&#8221;. <!--more-->To by\u0142 szczeg\u00f3lny dzie\u0144 dla o\u015bmiorga dzieci, kt\u00f3re we wrze\u015bniu, po raz pierwszy przekroczy\u0142y pr\u00f3g przedszkola. By\u0142y piosenki, wiersze, ta\u0144ce oraz uroczyste \u015blubowanie. Pani Dyrektor &#8211; Joanna Jandy z pomoc\u0105 pluszowego &#8222;Gajowickiego Skrzata&#8221; pasowa\u0142a ka\u017cde dziecko na przedszkolaka. Na pami\u0105tk\u0119 tego wa\u017cnego wydarzenia, ka\u017cdy przedszkolak otrzyma\u0142 dyplom oraz ksi\u0105\u017ck\u0119.<\/p>\n<p><strong>Mamo, Tato! Jestem ju\u017c przedszkolakiem &#8211; &#8222;Gajowickim Skrzatem&#8221;<\/strong><\/p>\n\n","protected":false},"excerpt":{"rendered":"<p>12 grudnia 2017 w grupie II odby\u0142o si\u0119 uroczyste &#8222;Pasowanie na Przedszkolaka &#8211; Gajowickiego Skrzata&#8221;.<\/p>\n","protected":false},"author":186,"featured_media":22733,"comment_status":"closed","ping_status":"open","sticky":false,"template":"","format":"standard","meta":{"ngg_post_thumbnail":0,"footnotes":""},"categories":[8],"tags":[],"class_list":["post-22732","post","type-post","status-publish","format-standard","has-post-thumbnail","hentry","category-wydarzenia","clearfix"],"_links":{"self":[{"href":"https:\/\/przedszkole61.edu.wroclaw.pl\/index.php\/wp-json\/wp\/v2\/posts\/22732","targetHints":{"allow":["GET"]}}],"collection":[{"href":"https:\/\/przedszkole61.edu.wroclaw.pl\/index.php\/wp-json\/wp\/v2\/posts"}],"about":[{"href":"https:\/\/przedszkole61.edu.wroclaw.pl\/index.php\/wp-json\/wp\/v2\/types\/post"}],"author":[{"embeddable":true,"href":"https:\/\/przedszkole61.edu.wroclaw.pl\/index.php\/wp-json\/wp\/v2\/users\/186"}],"replies":[{"embeddable":true,"href":"https:\/\/przedszkole61.edu.wroclaw.pl\/index.php\/wp-json\/wp\/v2\/comments?post=22732"}],"version-history":[{"count":1,"href":"https:\/\/przedszkole61.edu.wroclaw.pl\/index.php\/wp-json\/wp\/v2\/posts\/22732\/revisions"}],"predecessor-version":[{"id":24845,"href":"https:\/\/przedszkole61.edu.wroclaw.pl\/index.php\/wp-json\/wp\/v2\/posts\/22732\/revisions\/24845"}],"wp:featuredmedia":[{"embeddable":true,"href":"https:\/\/przedszkole61.edu.wroclaw.pl\/index.php\/wp-json\/wp\/v2\/media\/22733"}],"wp:attachment":[{"href":"https:\/\/przedszkole61.edu.wroclaw.pl\/index.php\/wp-json\/wp\/v2\/media?parent=22732"}],"wp:term":[{"taxonomy":"category","embeddable":true,"href":"https:\/\/przedszkole61.edu.wroclaw.pl\/index.php\/wp-json\/wp\/v2\/categories?post=22732"},{"taxonomy":"post_tag","embeddable":true,"href":"https:\/\/przedszkole61.edu.wroclaw.pl\/index.php\/wp-json\/wp\/v2\/tags?post=22732"}],"curies":[{"name":"wp","href":"https:\/\/api.w.org\/{rel}","templated":true}]}}