
{"id":22739,"date":"2017-12-13T00:00:00","date_gmt":"2017-12-12T23:00:00","guid":{"rendered":"https:\/\/przedszkole61.edu.wroclaw.pl\/index.php\/2017\/12\/13\/dzwieki-jak-platki-sniegu-muzykolandia\/"},"modified":"2021-04-02T13:32:58","modified_gmt":"2021-04-02T11:32:58","slug":"dzwieki-jak-platki-sniegu-muzykolandia","status":"publish","type":"post","link":"https:\/\/przedszkole61.edu.wroclaw.pl\/index.php\/2017\/12\/13\/dzwieki-jak-platki-sniegu-muzykolandia\/","title":{"rendered":"&#8222;D\u017awi\u0119ki, jak p\u0142atki \u015bniegu&#8221; &#8211; Muzykolandia"},"content":{"rendered":"<p><strong>13 grudnia 2017<\/strong> &#8222;Gajowickie Skrzaty&#8221; wys\u0142ucha\u0142y melodii \u015bwi\u0105tecznych i zimowych w wykonaniu studentek Akademii Muzycznej we Wroc\u0142awiu.<!--more--><\/p>\n\n","protected":false},"excerpt":{"rendered":"<p>13 grudnia 2017 &#8222;Gajowickie Skrzaty&#8221; wys\u0142ucha\u0142y melodii \u015bwi\u0105tecznych i zimowych w wykonaniu studentek Akademii Muzycznej we Wroc\u0142awiu.<\/p>\n","protected":false},"author":186,"featured_media":22740,"comment_status":"closed","ping_status":"open","sticky":false,"template":"","format":"standard","meta":{"ngg_post_thumbnail":0,"footnotes":""},"categories":[8],"tags":[],"class_list":["post-22739","post","type-post","status-publish","format-standard","has-post-thumbnail","hentry","category-wydarzenia","clearfix"],"_links":{"self":[{"href":"https:\/\/przedszkole61.edu.wroclaw.pl\/index.php\/wp-json\/wp\/v2\/posts\/22739","targetHints":{"allow":["GET"]}}],"collection":[{"href":"https:\/\/przedszkole61.edu.wroclaw.pl\/index.php\/wp-json\/wp\/v2\/posts"}],"about":[{"href":"https:\/\/przedszkole61.edu.wroclaw.pl\/index.php\/wp-json\/wp\/v2\/types\/post"}],"author":[{"embeddable":true,"href":"https:\/\/przedszkole61.edu.wroclaw.pl\/index.php\/wp-json\/wp\/v2\/users\/186"}],"replies":[{"embeddable":true,"href":"https:\/\/przedszkole61.edu.wroclaw.pl\/index.php\/wp-json\/wp\/v2\/comments?post=22739"}],"version-history":[{"count":1,"href":"https:\/\/przedszkole61.edu.wroclaw.pl\/index.php\/wp-json\/wp\/v2\/posts\/22739\/revisions"}],"predecessor-version":[{"id":24846,"href":"https:\/\/przedszkole61.edu.wroclaw.pl\/index.php\/wp-json\/wp\/v2\/posts\/22739\/revisions\/24846"}],"wp:featuredmedia":[{"embeddable":true,"href":"https:\/\/przedszkole61.edu.wroclaw.pl\/index.php\/wp-json\/wp\/v2\/media\/22740"}],"wp:attachment":[{"href":"https:\/\/przedszkole61.edu.wroclaw.pl\/index.php\/wp-json\/wp\/v2\/media?parent=22739"}],"wp:term":[{"taxonomy":"category","embeddable":true,"href":"https:\/\/przedszkole61.edu.wroclaw.pl\/index.php\/wp-json\/wp\/v2\/categories?post=22739"},{"taxonomy":"post_tag","embeddable":true,"href":"https:\/\/przedszkole61.edu.wroclaw.pl\/index.php\/wp-json\/wp\/v2\/tags?post=22739"}],"curies":[{"name":"wp","href":"https:\/\/api.w.org\/{rel}","templated":true}]}}