
{"id":22741,"date":"2017-12-15T00:00:00","date_gmt":"2017-12-14T23:00:00","guid":{"rendered":"https:\/\/przedszkole61.edu.wroclaw.pl\/index.php\/2017\/12\/15\/swiateczne-spotkanie-z-pania-zima\/"},"modified":"2021-04-02T13:33:00","modified_gmt":"2021-04-02T11:33:00","slug":"swiateczne-spotkanie-z-pania-zima","status":"publish","type":"post","link":"https:\/\/przedszkole61.edu.wroclaw.pl\/index.php\/2017\/12\/15\/swiateczne-spotkanie-z-pania-zima\/","title":{"rendered":"&#8222;\u015awi\u0105teczne spotkanie z Pani\u0105 Zim\u0105&#8221;"},"content":{"rendered":"<p><strong>15 grudnia 2017<\/strong> &#8222;Gajowickie Skrzaty&#8221; odwiedzi\u0142a Pani Zima ze swoim pomocnikiem Zimowym Krasnalem. Przynios\u0142a ze sob\u0105 weso\u0142e zimowe zabawy, piosenki i ta\u0144ce. <!--more-->Pani Zima obieca\u0142a, \u017ce \u015bniegu i mrozu nie zabraknie zw\u0142aszcza w czasie \u015awi\u0105t Bo\u017cego Narodzenia. Pozostaje nam tylko czeka\u0107 na bia\u0142y \u015bnieg i szykowa\u0107 sanki do zabawy.<\/p>\n\n","protected":false},"excerpt":{"rendered":"<p>15 grudnia 2017 &#8222;Gajowickie Skrzaty&#8221; odwiedzi\u0142a Pani Zima ze swoim pomocnikiem Zimowym Krasnalem. Przynios\u0142a ze sob\u0105 weso\u0142e zimowe zabawy, piosenki i ta\u0144ce.<\/p>\n","protected":false},"author":186,"featured_media":22742,"comment_status":"closed","ping_status":"open","sticky":false,"template":"","format":"standard","meta":{"ngg_post_thumbnail":0,"footnotes":""},"categories":[8],"tags":[],"class_list":["post-22741","post","type-post","status-publish","format-standard","has-post-thumbnail","hentry","category-wydarzenia","clearfix"],"_links":{"self":[{"href":"https:\/\/przedszkole61.edu.wroclaw.pl\/index.php\/wp-json\/wp\/v2\/posts\/22741","targetHints":{"allow":["GET"]}}],"collection":[{"href":"https:\/\/przedszkole61.edu.wroclaw.pl\/index.php\/wp-json\/wp\/v2\/posts"}],"about":[{"href":"https:\/\/przedszkole61.edu.wroclaw.pl\/index.php\/wp-json\/wp\/v2\/types\/post"}],"author":[{"embeddable":true,"href":"https:\/\/przedszkole61.edu.wroclaw.pl\/index.php\/wp-json\/wp\/v2\/users\/186"}],"replies":[{"embeddable":true,"href":"https:\/\/przedszkole61.edu.wroclaw.pl\/index.php\/wp-json\/wp\/v2\/comments?post=22741"}],"version-history":[{"count":1,"href":"https:\/\/przedszkole61.edu.wroclaw.pl\/index.php\/wp-json\/wp\/v2\/posts\/22741\/revisions"}],"predecessor-version":[{"id":24847,"href":"https:\/\/przedszkole61.edu.wroclaw.pl\/index.php\/wp-json\/wp\/v2\/posts\/22741\/revisions\/24847"}],"wp:featuredmedia":[{"embeddable":true,"href":"https:\/\/przedszkole61.edu.wroclaw.pl\/index.php\/wp-json\/wp\/v2\/media\/22742"}],"wp:attachment":[{"href":"https:\/\/przedszkole61.edu.wroclaw.pl\/index.php\/wp-json\/wp\/v2\/media?parent=22741"}],"wp:term":[{"taxonomy":"category","embeddable":true,"href":"https:\/\/przedszkole61.edu.wroclaw.pl\/index.php\/wp-json\/wp\/v2\/categories?post=22741"},{"taxonomy":"post_tag","embeddable":true,"href":"https:\/\/przedszkole61.edu.wroclaw.pl\/index.php\/wp-json\/wp\/v2\/tags?post=22741"}],"curies":[{"name":"wp","href":"https:\/\/api.w.org\/{rel}","templated":true}]}}