
{"id":22749,"date":"2018-12-18T00:00:00","date_gmt":"2018-12-17T23:00:00","guid":{"rendered":"https:\/\/przedszkole61.edu.wroclaw.pl\/index.php\/2017\/12\/20\/poranek-swiateczny\/"},"modified":"2021-04-02T13:33:08","modified_gmt":"2021-04-02T11:33:08","slug":"poranek-swiateczny-2","status":"publish","type":"post","link":"https:\/\/przedszkole61.edu.wroclaw.pl\/index.php\/2018\/12\/18\/poranek-swiateczny-2\/","title":{"rendered":"&#8222;Poranek \u015awi\u0105teczny&#8221;"},"content":{"rendered":"<p><strong>\u201eJest taki dzie\u0144, bardzo ciep\u0142y, cho\u0107 grudniowy, dzie\u0144, zwyk\u0142y dzie\u0144, w kt\u00f3rym gasn\u0105 wszelkie spory&#8230;&#8221;<\/strong><\/p>\n<p><strong><i>\u00a0 \u00a0 \u00a0 \u00a0 \u00a0 \u00a0 \u00a0 \u00a0 \u00a0 \u00a0 \u00a0 \u00a0 \u00a0 \u00a0 \u00a0 \u00a0 \u00a0 \u00a0 \u00a0 \u00a0 \u00a0 \u00a0 \u00a0 \u00a0 \u00a0 \u00a0 \u00a0 \u00a0 \u00a0 \u00a0 \u00a0 \u00a0 \u00a0 \u00a0 \u00a0 \u00a0 \u00a0 \u00a0 \u00a0 \u00a0 \u00a0 \u00a0 \u00a0 \u00a0 \u00a0 \u00a0 \u00a0\u00a0 K. Dzikowski<\/i><\/strong><em> <\/em><\/p>\n<p><strong>18 grudnia 2018<\/strong> z okazji nadchodz\u0105cych \u015awi\u0105t Bo\u017cego Narodzenia\u00a0dzieci z grupy IV przedstawi\u0142y \u201eTeatrzyk Jase\u0142kowy\u201d dla ca\u0142ej spo\u0142eczno\u015bci przedszkolnej. <!--more-->Mali aktorzy odegrali swoje role wspaniale i zostali nagrodzeni gromkimi brawami. Pani Dyrektor \u2013 Joanna Jandy z\u0142o\u017cy\u0142a dzieciom i pracownikom przedszkola \u015bwi\u0105teczne i noworoczne \u017cyczenia. A w salach czeka\u0142 na wszystkich wigilijny przysmak \u2013 barszczyk z uszkami.\u00a0<strong>Weso\u0142ych \u015awi\u0105t!<\/strong><\/p>\n\n","protected":false},"excerpt":{"rendered":"<p>\u201eJest taki dzie\u0144, bardzo ciep\u0142y, cho\u0107 grudniowy, dzie\u0144, zwyk\u0142y dzie\u0144, w kt\u00f3rym gasn\u0105 wszelkie spory&#8230;&#8221; \u00a0 \u00a0 \u00a0 \u00a0 \u00a0 \u00a0 \u00a0 \u00a0 \u00a0 \u00a0 \u00a0 \u00a0 \u00a0 \u00a0 \u00a0 [&hellip;]<\/p>\n","protected":false},"author":186,"featured_media":23192,"comment_status":"closed","ping_status":"open","sticky":false,"template":"","format":"standard","meta":{"ngg_post_thumbnail":0,"footnotes":""},"categories":[8],"tags":[],"class_list":["post-22749","post","type-post","status-publish","format-standard","has-post-thumbnail","hentry","category-wydarzenia","clearfix"],"_links":{"self":[{"href":"https:\/\/przedszkole61.edu.wroclaw.pl\/index.php\/wp-json\/wp\/v2\/posts\/22749","targetHints":{"allow":["GET"]}}],"collection":[{"href":"https:\/\/przedszkole61.edu.wroclaw.pl\/index.php\/wp-json\/wp\/v2\/posts"}],"about":[{"href":"https:\/\/przedszkole61.edu.wroclaw.pl\/index.php\/wp-json\/wp\/v2\/types\/post"}],"author":[{"embeddable":true,"href":"https:\/\/przedszkole61.edu.wroclaw.pl\/index.php\/wp-json\/wp\/v2\/users\/186"}],"replies":[{"embeddable":true,"href":"https:\/\/przedszkole61.edu.wroclaw.pl\/index.php\/wp-json\/wp\/v2\/comments?post=22749"}],"version-history":[{"count":3,"href":"https:\/\/przedszkole61.edu.wroclaw.pl\/index.php\/wp-json\/wp\/v2\/posts\/22749\/revisions"}],"predecessor-version":[{"id":24928,"href":"https:\/\/przedszkole61.edu.wroclaw.pl\/index.php\/wp-json\/wp\/v2\/posts\/22749\/revisions\/24928"}],"wp:featuredmedia":[{"embeddable":true,"href":"https:\/\/przedszkole61.edu.wroclaw.pl\/index.php\/wp-json\/wp\/v2\/media\/23192"}],"wp:attachment":[{"href":"https:\/\/przedszkole61.edu.wroclaw.pl\/index.php\/wp-json\/wp\/v2\/media?parent=22749"}],"wp:term":[{"taxonomy":"category","embeddable":true,"href":"https:\/\/przedszkole61.edu.wroclaw.pl\/index.php\/wp-json\/wp\/v2\/categories?post=22749"},{"taxonomy":"post_tag","embeddable":true,"href":"https:\/\/przedszkole61.edu.wroclaw.pl\/index.php\/wp-json\/wp\/v2\/tags?post=22749"}],"curies":[{"name":"wp","href":"https:\/\/api.w.org\/{rel}","templated":true}]}}