
{"id":22771,"date":"2018-02-07T00:00:00","date_gmt":"2018-02-06T23:00:00","guid":{"rendered":"https:\/\/przedszkole61.edu.wroclaw.pl\/index.php\/2018\/02\/07\/moja-babcia-i-moj-dziadek\/"},"modified":"2021-04-02T13:33:00","modified_gmt":"2021-04-02T11:33:00","slug":"moja-babcia-i-moj-dziadek","status":"publish","type":"post","link":"https:\/\/przedszkole61.edu.wroclaw.pl\/index.php\/2018\/02\/07\/moja-babcia-i-moj-dziadek\/","title":{"rendered":"&#8222;Moja Babcia i m\u00f3j Dziadek&#8221;"},"content":{"rendered":"<p><strong>W styczniu i lutym\u00a0<\/strong> &#8222;Gajowickie Skrzaty&#8221; zaprosi\u0142y Babcie i Dziadk\u00f3w na uroczyste obchody ich \u015bwi\u0119ta. <!--more-->Wszystkie grupy zaprezentowa\u0142y wspania\u0142e programy artystyczne; by\u0142y wiersze, piosenki, ta\u0144ce, &#8222;Teatrzyk Jase\u0142kowy&#8221;.<\/p>\n<p><strong>Wszystkim Babciom, wszystkim Dziadkom \u017cyczymy: du\u017co zdrowia, u\u015bmiechu na co dzie\u0144 i du\u017co rado\u015bci. Wiwat Babcia i Dziadek!<\/strong><\/p>\n\n","protected":false},"excerpt":{"rendered":"<p>W styczniu i lutym\u00a0 &#8222;Gajowickie Skrzaty&#8221; zaprosi\u0142y Babcie i Dziadk\u00f3w na uroczyste obchody ich \u015bwi\u0119ta.<\/p>\n","protected":false},"author":186,"featured_media":22772,"comment_status":"closed","ping_status":"open","sticky":false,"template":"","format":"standard","meta":{"ngg_post_thumbnail":0,"footnotes":""},"categories":[8],"tags":[],"class_list":["post-22771","post","type-post","status-publish","format-standard","has-post-thumbnail","hentry","category-wydarzenia","clearfix"],"_links":{"self":[{"href":"https:\/\/przedszkole61.edu.wroclaw.pl\/index.php\/wp-json\/wp\/v2\/posts\/22771","targetHints":{"allow":["GET"]}}],"collection":[{"href":"https:\/\/przedszkole61.edu.wroclaw.pl\/index.php\/wp-json\/wp\/v2\/posts"}],"about":[{"href":"https:\/\/przedszkole61.edu.wroclaw.pl\/index.php\/wp-json\/wp\/v2\/types\/post"}],"author":[{"embeddable":true,"href":"https:\/\/przedszkole61.edu.wroclaw.pl\/index.php\/wp-json\/wp\/v2\/users\/186"}],"replies":[{"embeddable":true,"href":"https:\/\/przedszkole61.edu.wroclaw.pl\/index.php\/wp-json\/wp\/v2\/comments?post=22771"}],"version-history":[{"count":1,"href":"https:\/\/przedszkole61.edu.wroclaw.pl\/index.php\/wp-json\/wp\/v2\/posts\/22771\/revisions"}],"predecessor-version":[{"id":24852,"href":"https:\/\/przedszkole61.edu.wroclaw.pl\/index.php\/wp-json\/wp\/v2\/posts\/22771\/revisions\/24852"}],"wp:featuredmedia":[{"embeddable":true,"href":"https:\/\/przedszkole61.edu.wroclaw.pl\/index.php\/wp-json\/wp\/v2\/media\/22772"}],"wp:attachment":[{"href":"https:\/\/przedszkole61.edu.wroclaw.pl\/index.php\/wp-json\/wp\/v2\/media?parent=22771"}],"wp:term":[{"taxonomy":"category","embeddable":true,"href":"https:\/\/przedszkole61.edu.wroclaw.pl\/index.php\/wp-json\/wp\/v2\/categories?post=22771"},{"taxonomy":"post_tag","embeddable":true,"href":"https:\/\/przedszkole61.edu.wroclaw.pl\/index.php\/wp-json\/wp\/v2\/tags?post=22771"}],"curies":[{"name":"wp","href":"https:\/\/api.w.org\/{rel}","templated":true}]}}