
{"id":22779,"date":"2018-02-22T00:00:00","date_gmt":"2018-02-21T23:00:00","guid":{"rendered":"https:\/\/przedszkole61.edu.wroclaw.pl\/index.php\/2018\/02\/22\/bajka-o-wroclawskim-krasnalu-rozstrzygniecie-konkursu-rodzinnego\/"},"modified":"2021-04-02T13:33:00","modified_gmt":"2021-04-02T11:33:00","slug":"bajka-o-wroclawskim-krasnalu-rozstrzygniecie-konkursu-rodzinnego","status":"publish","type":"post","link":"https:\/\/przedszkole61.edu.wroclaw.pl\/index.php\/2018\/02\/22\/bajka-o-wroclawskim-krasnalu-rozstrzygniecie-konkursu-rodzinnego\/","title":{"rendered":"&#8222;Bajka o wroc\u0142awskim Krasnalu&#8221; &#8211; rozstrzygni\u0119cie konkursu rodzinnego"},"content":{"rendered":"<p><strong>21 lutego 2018<\/strong> zosta\u0142 rozstrzygni\u0119ty literacki konkurs rodzinny pt.:&#8221;Bajka o wroc\u0142awskim Krasnalu&#8221;. W konkursie wzi\u0119\u0142o udzia\u0142 9 dzieci z naszego przedszkola.<!--more--><\/p>\n<p><strong>Autorzy bajek:<\/strong><\/p>\n<p>1. Tamara A. &#8222;Bajka o Krasnalu Podr\u00f3\u017cniku&#8221;<\/p>\n<p>2. Emilka D. &#8222;Jak Krasnal \u017byczliwek mi\u0142o\u015bci\u0105 i \u017cyczliwo\u015bci\u0105 wype\u0142ni\u0142 ca\u0142y Wroc\u0142aw&#8221;<\/p>\n<p>3. Ola R. &#8211; D. &#8222;Bajka o wroc\u0142awskim Krasnalu&#8221;<\/p>\n<p>4. Wiktor J. &#8222;Bajka o wroc\u0142awskim Krasnalu&#8221;<\/p>\n<p>5. Zosia K. &#8222;M\u00f3j przyjaciel Krasnal \u017byczliwek&#8221;<\/p>\n<p>6. Gustaw K. &#8222;O zabawie Ma\u0142ego i Du\u017cego&#8221;<\/p>\n<p>7. Michalinka L. &#8222;\u017byczliwek wyrusza w \u015bwiat&#8221;<\/p>\n<p>8. Anastazja P. &#8222;Historia wroc\u0142awskiej krasnoludkowej Orkiestry Symfonicznej&#8221;<\/p>\n<p>9. Marysia Z. &#8222;Bajka o wroc\u0142awskim Krasnalu&#8221;<\/p>\n<p><strong>Bajki b\u0119d\u0105 czytane we wszystkich grupach przedszkolnych.<\/strong><\/p>\n<p><strong>Za udzia\u0142 w konkursie przedszkolaki otrzyma\u0142y dyplomy oraz ksi\u0105\u017ck\u0119 Andrzeja Sobczaka pt. &#8222;Karze\u0142kowo w \u015bnie\u017cnej czapie&#8221; wraz p\u0142yt\u0105 CD; w\u00a0 ksi\u0105\u017ceczce czekaj\u0105 na dzieci kolorowe naklejki a na rodzic\u00f3w inspiracje do wsp\u00f3lnej lektury i zabawy z dzie\u0107mi. Dzi\u0119kujemy za udzia\u0142 w konkursie!<\/strong><\/p>\n\n<p>\u00a0<\/p>\n","protected":false},"excerpt":{"rendered":"<p>21 lutego 2018 zosta\u0142 rozstrzygni\u0119ty literacki konkurs rodzinny pt.:&#8221;Bajka o wroc\u0142awskim Krasnalu&#8221;. W konkursie wzi\u0119\u0142o udzia\u0142 9 dzieci z naszego przedszkola.<\/p>\n","protected":false},"author":186,"featured_media":22780,"comment_status":"closed","ping_status":"open","sticky":false,"template":"","format":"standard","meta":{"ngg_post_thumbnail":0,"footnotes":""},"categories":[8],"tags":[],"class_list":["post-22779","post","type-post","status-publish","format-standard","has-post-thumbnail","hentry","category-wydarzenia","clearfix"],"_links":{"self":[{"href":"https:\/\/przedszkole61.edu.wroclaw.pl\/index.php\/wp-json\/wp\/v2\/posts\/22779","targetHints":{"allow":["GET"]}}],"collection":[{"href":"https:\/\/przedszkole61.edu.wroclaw.pl\/index.php\/wp-json\/wp\/v2\/posts"}],"about":[{"href":"https:\/\/przedszkole61.edu.wroclaw.pl\/index.php\/wp-json\/wp\/v2\/types\/post"}],"author":[{"embeddable":true,"href":"https:\/\/przedszkole61.edu.wroclaw.pl\/index.php\/wp-json\/wp\/v2\/users\/186"}],"replies":[{"embeddable":true,"href":"https:\/\/przedszkole61.edu.wroclaw.pl\/index.php\/wp-json\/wp\/v2\/comments?post=22779"}],"version-history":[{"count":1,"href":"https:\/\/przedszkole61.edu.wroclaw.pl\/index.php\/wp-json\/wp\/v2\/posts\/22779\/revisions"}],"predecessor-version":[{"id":24854,"href":"https:\/\/przedszkole61.edu.wroclaw.pl\/index.php\/wp-json\/wp\/v2\/posts\/22779\/revisions\/24854"}],"wp:featuredmedia":[{"embeddable":true,"href":"https:\/\/przedszkole61.edu.wroclaw.pl\/index.php\/wp-json\/wp\/v2\/media\/22780"}],"wp:attachment":[{"href":"https:\/\/przedszkole61.edu.wroclaw.pl\/index.php\/wp-json\/wp\/v2\/media?parent=22779"}],"wp:term":[{"taxonomy":"category","embeddable":true,"href":"https:\/\/przedszkole61.edu.wroclaw.pl\/index.php\/wp-json\/wp\/v2\/categories?post=22779"},{"taxonomy":"post_tag","embeddable":true,"href":"https:\/\/przedszkole61.edu.wroclaw.pl\/index.php\/wp-json\/wp\/v2\/tags?post=22779"}],"curies":[{"name":"wp","href":"https:\/\/api.w.org\/{rel}","templated":true}]}}