
{"id":22860,"date":"2019-02-20T00:00:00","date_gmt":"2019-02-19T23:00:00","guid":{"rendered":"https:\/\/przedszkole61.edu.wroclaw.pl\/index.php\/2018\/04\/11\/dzien-otwarty-w-naszym-przedszkolu\/"},"modified":"2021-04-02T13:33:09","modified_gmt":"2021-04-02T11:33:09","slug":"dzien-otwarty-w-naszym-przedszkolu-2","status":"publish","type":"post","link":"https:\/\/przedszkole61.edu.wroclaw.pl\/index.php\/2019\/02\/20\/dzien-otwarty-w-naszym-przedszkolu-2\/","title":{"rendered":"&#8222;Dzie\u0144 Otwarty&#8221; w naszym przedszkolu"},"content":{"rendered":"<p><b>20 lutego 2019<\/b> z okazji \u201eDnia Otwartego\u201d go\u015bcili\u015bmy przysz\u0142ych przedszkolak\u00f3w wraz z rodzicami. <strong>Do zobaczenia we wrze\u015bniu!<\/strong><!--more--><\/p>\n\n<p>\u00a0<\/p>\n","protected":false},"excerpt":{"rendered":"<p>20 lutego 2019 z okazji \u201eDnia Otwartego\u201d go\u015bcili\u015bmy przysz\u0142ych przedszkolak\u00f3w wraz z rodzicami. Do zobaczenia we wrze\u015bniu!<\/p>\n","protected":false},"author":186,"featured_media":17717,"comment_status":"closed","ping_status":"open","sticky":false,"template":"","format":"standard","meta":{"ngg_post_thumbnail":0,"footnotes":""},"categories":[8],"tags":[],"class_list":["post-22860","post","type-post","status-publish","format-standard","has-post-thumbnail","hentry","category-wydarzenia","clearfix"],"_links":{"self":[{"href":"https:\/\/przedszkole61.edu.wroclaw.pl\/index.php\/wp-json\/wp\/v2\/posts\/22860","targetHints":{"allow":["GET"]}}],"collection":[{"href":"https:\/\/przedszkole61.edu.wroclaw.pl\/index.php\/wp-json\/wp\/v2\/posts"}],"about":[{"href":"https:\/\/przedszkole61.edu.wroclaw.pl\/index.php\/wp-json\/wp\/v2\/types\/post"}],"author":[{"embeddable":true,"href":"https:\/\/przedszkole61.edu.wroclaw.pl\/index.php\/wp-json\/wp\/v2\/users\/186"}],"replies":[{"embeddable":true,"href":"https:\/\/przedszkole61.edu.wroclaw.pl\/index.php\/wp-json\/wp\/v2\/comments?post=22860"}],"version-history":[{"count":3,"href":"https:\/\/przedszkole61.edu.wroclaw.pl\/index.php\/wp-json\/wp\/v2\/posts\/22860\/revisions"}],"predecessor-version":[{"id":24939,"href":"https:\/\/przedszkole61.edu.wroclaw.pl\/index.php\/wp-json\/wp\/v2\/posts\/22860\/revisions\/24939"}],"wp:featuredmedia":[{"embeddable":true,"href":"https:\/\/przedszkole61.edu.wroclaw.pl\/index.php\/wp-json\/wp\/v2\/media\/17717"}],"wp:attachment":[{"href":"https:\/\/przedszkole61.edu.wroclaw.pl\/index.php\/wp-json\/wp\/v2\/media?parent=22860"}],"wp:term":[{"taxonomy":"category","embeddable":true,"href":"https:\/\/przedszkole61.edu.wroclaw.pl\/index.php\/wp-json\/wp\/v2\/categories?post=22860"},{"taxonomy":"post_tag","embeddable":true,"href":"https:\/\/przedszkole61.edu.wroclaw.pl\/index.php\/wp-json\/wp\/v2\/tags?post=22860"}],"curies":[{"name":"wp","href":"https:\/\/api.w.org\/{rel}","templated":true}]}}