
{"id":22877,"date":"2018-04-18T00:00:00","date_gmt":"2018-04-17T22:00:00","guid":{"rendered":"https:\/\/przedszkole61.edu.wroclaw.pl\/index.php\/2018\/04\/18\/bajka-o-wroclawskim-krasnalu\/"},"modified":"2021-04-02T13:33:01","modified_gmt":"2021-04-02T11:33:01","slug":"bajka-o-wroclawskim-krasnalu","status":"publish","type":"post","link":"https:\/\/przedszkole61.edu.wroclaw.pl\/index.php\/2018\/04\/18\/bajka-o-wroclawskim-krasnalu\/","title":{"rendered":"&#8222;Bajka o wroc\u0142awskim krasnalu&#8221;"},"content":{"rendered":"<p><strong>W kwietniu 2018<\/strong> nasze przedszkole by\u0142o organizatorem konkursu dla wroc\u0142awskich plac\u00f3wek o\u015bwiatowych pt.: &#8222;Bajka o wroc\u0142awskim krasnalu &#8211; historyjka obrazkowa&#8221;.<!--more--> Celem konkursu by\u0142o: rozbudzanie zami\u0142owania do w\u0142asnego miasta, poznawanie wroc\u0142awskich krasnali, rozwijanie wyobra\u017ani i my\u015blenia przyczynowo &#8211; skutkowego, prezentowanie umiej\u0119tno\u015bci dzieci. W konkursie wzi\u0119\u0142o udzia\u0142 dwana\u015bcie plac\u00f3wek: Szko\u0142a Podstawowa nr 51, Szko\u0142a Podstawowa nr 3 oraz Przedszkola nr: 8, 150, 123, 135, 49, 25, 141, 90, 41, 61. Zaprezentowano ponad 40 prac z wykorzystaniem ro\u017cnych technik plastycznych. Dzi\u0119kujemy za udzia\u0142 w konkursie. Dyplomy dla wszystkich uczestnik\u00f3w konkursu do odebrania w Przedszkolu nr 61\u00a0 u nauczycielek grupy II.<\/p>\n\n","protected":false},"excerpt":{"rendered":"<p>W kwietniu 2018 nasze przedszkole by\u0142o organizatorem konkursu dla wroc\u0142awskich plac\u00f3wek o\u015bwiatowych pt.: &#8222;Bajka o wroc\u0142awskim krasnalu &#8211; historyjka obrazkowa&#8221;.<\/p>\n","protected":false},"author":186,"featured_media":22878,"comment_status":"closed","ping_status":"open","sticky":false,"template":"","format":"standard","meta":{"ngg_post_thumbnail":0,"footnotes":""},"categories":[8],"tags":[],"class_list":["post-22877","post","type-post","status-publish","format-standard","has-post-thumbnail","hentry","category-wydarzenia","clearfix"],"_links":{"self":[{"href":"https:\/\/przedszkole61.edu.wroclaw.pl\/index.php\/wp-json\/wp\/v2\/posts\/22877","targetHints":{"allow":["GET"]}}],"collection":[{"href":"https:\/\/przedszkole61.edu.wroclaw.pl\/index.php\/wp-json\/wp\/v2\/posts"}],"about":[{"href":"https:\/\/przedszkole61.edu.wroclaw.pl\/index.php\/wp-json\/wp\/v2\/types\/post"}],"author":[{"embeddable":true,"href":"https:\/\/przedszkole61.edu.wroclaw.pl\/index.php\/wp-json\/wp\/v2\/users\/186"}],"replies":[{"embeddable":true,"href":"https:\/\/przedszkole61.edu.wroclaw.pl\/index.php\/wp-json\/wp\/v2\/comments?post=22877"}],"version-history":[{"count":1,"href":"https:\/\/przedszkole61.edu.wroclaw.pl\/index.php\/wp-json\/wp\/v2\/posts\/22877\/revisions"}],"predecessor-version":[{"id":24871,"href":"https:\/\/przedszkole61.edu.wroclaw.pl\/index.php\/wp-json\/wp\/v2\/posts\/22877\/revisions\/24871"}],"wp:featuredmedia":[{"embeddable":true,"href":"https:\/\/przedszkole61.edu.wroclaw.pl\/index.php\/wp-json\/wp\/v2\/media\/22878"}],"wp:attachment":[{"href":"https:\/\/przedszkole61.edu.wroclaw.pl\/index.php\/wp-json\/wp\/v2\/media?parent=22877"}],"wp:term":[{"taxonomy":"category","embeddable":true,"href":"https:\/\/przedszkole61.edu.wroclaw.pl\/index.php\/wp-json\/wp\/v2\/categories?post=22877"},{"taxonomy":"post_tag","embeddable":true,"href":"https:\/\/przedszkole61.edu.wroclaw.pl\/index.php\/wp-json\/wp\/v2\/tags?post=22877"}],"curies":[{"name":"wp","href":"https:\/\/api.w.org\/{rel}","templated":true}]}}