
{"id":22913,"date":"2018-05-09T00:00:00","date_gmt":"2018-05-08T22:00:00","guid":{"rendered":"https:\/\/przedszkole61.edu.wroclaw.pl\/index.php\/2018\/05\/09\/muzykolandia-2\/"},"modified":"2021-04-02T13:33:02","modified_gmt":"2021-04-02T11:33:02","slug":"muzykolandia-2","status":"publish","type":"post","link":"https:\/\/przedszkole61.edu.wroclaw.pl\/index.php\/2018\/05\/09\/muzykolandia-2\/","title":{"rendered":"&#8222;Muzykolandia&#8221;"},"content":{"rendered":"<p><strong>9 maja 2018<\/strong> w Krainie Muzykolandii dzieci pozna\u0142y jeden z najstarszych instrument\u00f3w \u015bwiata &#8211; harf\u0119 oraz wys\u0142ucha\u0142y piosenek z ulubionych bajek w wykonaniu Pani Elizy &#8211; studentki Akademii Muzycznej.<!--more--><\/p>\n<p>\u00a0<\/p>\n\n","protected":false},"excerpt":{"rendered":"<p>9 maja 2018 w Krainie Muzykolandii dzieci pozna\u0142y jeden z najstarszych instrument\u00f3w \u015bwiata &#8211; harf\u0119 oraz wys\u0142ucha\u0142y piosenek z ulubionych bajek w wykonaniu Pani Elizy &#8211; studentki Akademii Muzycznej.<\/p>\n","protected":false},"author":186,"featured_media":22914,"comment_status":"closed","ping_status":"open","sticky":false,"template":"","format":"standard","meta":{"ngg_post_thumbnail":0,"footnotes":""},"categories":[8],"tags":[],"class_list":["post-22913","post","type-post","status-publish","format-standard","has-post-thumbnail","hentry","category-wydarzenia","clearfix"],"_links":{"self":[{"href":"https:\/\/przedszkole61.edu.wroclaw.pl\/index.php\/wp-json\/wp\/v2\/posts\/22913","targetHints":{"allow":["GET"]}}],"collection":[{"href":"https:\/\/przedszkole61.edu.wroclaw.pl\/index.php\/wp-json\/wp\/v2\/posts"}],"about":[{"href":"https:\/\/przedszkole61.edu.wroclaw.pl\/index.php\/wp-json\/wp\/v2\/types\/post"}],"author":[{"embeddable":true,"href":"https:\/\/przedszkole61.edu.wroclaw.pl\/index.php\/wp-json\/wp\/v2\/users\/186"}],"replies":[{"embeddable":true,"href":"https:\/\/przedszkole61.edu.wroclaw.pl\/index.php\/wp-json\/wp\/v2\/comments?post=22913"}],"version-history":[{"count":1,"href":"https:\/\/przedszkole61.edu.wroclaw.pl\/index.php\/wp-json\/wp\/v2\/posts\/22913\/revisions"}],"predecessor-version":[{"id":24878,"href":"https:\/\/przedszkole61.edu.wroclaw.pl\/index.php\/wp-json\/wp\/v2\/posts\/22913\/revisions\/24878"}],"wp:featuredmedia":[{"embeddable":true,"href":"https:\/\/przedszkole61.edu.wroclaw.pl\/index.php\/wp-json\/wp\/v2\/media\/22914"}],"wp:attachment":[{"href":"https:\/\/przedszkole61.edu.wroclaw.pl\/index.php\/wp-json\/wp\/v2\/media?parent=22913"}],"wp:term":[{"taxonomy":"category","embeddable":true,"href":"https:\/\/przedszkole61.edu.wroclaw.pl\/index.php\/wp-json\/wp\/v2\/categories?post=22913"},{"taxonomy":"post_tag","embeddable":true,"href":"https:\/\/przedszkole61.edu.wroclaw.pl\/index.php\/wp-json\/wp\/v2\/tags?post=22913"}],"curies":[{"name":"wp","href":"https:\/\/api.w.org\/{rel}","templated":true}]}}