
{"id":22922,"date":"2018-05-14T00:00:00","date_gmt":"2018-05-13T22:00:00","guid":{"rendered":"https:\/\/przedszkole61.edu.wroclaw.pl\/index.php\/2018\/05\/14\/bukiet-na-urodziny-polski\/"},"modified":"2021-04-02T13:33:02","modified_gmt":"2021-04-02T11:33:02","slug":"bukiet-na-urodziny-polski","status":"publish","type":"post","link":"https:\/\/przedszkole61.edu.wroclaw.pl\/index.php\/2018\/05\/14\/bukiet-na-urodziny-polski\/","title":{"rendered":"&#8222;Bukiet na urodziny Polski&#8221;"},"content":{"rendered":"<p><strong>&#8222;Gajowickie Skrzaty&#8221;<\/strong> rozpocz\u0119\u0142y przygotowania do obchod\u00f3w 100 &#8211; lecia Niepodleg\u0142o\u015bci Polski, bior\u0105c udzia\u0142 w konkursie pt. &#8222;Bukiet na urodziny Polski&#8221;.<!--more--> Z bibu\u0142y, papieru oraz styropianowych serduszek w kolorze bia\u0142ym i czerwonym stworzy\u0142y ciekaw\u0105 i kreatywn\u0105 wi\u0105zank\u0119 na urodziny Polski. &#8222;Ma\u0142ym Patriotom&#8221; \u017cyczymy powodzenia!<\/p>\n<p>Organizatorem konkursu jest Wroc\u0142awskie Centrum Rozwoju Spo\u0142ecznego.<\/p>\n\n","protected":false},"excerpt":{"rendered":"<p>&#8222;Gajowickie Skrzaty&#8221; rozpocz\u0119\u0142y przygotowania do obchod\u00f3w 100 &#8211; lecia Niepodleg\u0142o\u015bci Polski, bior\u0105c udzia\u0142 w konkursie pt. &#8222;Bukiet na urodziny Polski&#8221;.<\/p>\n","protected":false},"author":186,"featured_media":22923,"comment_status":"closed","ping_status":"open","sticky":false,"template":"","format":"standard","meta":{"ngg_post_thumbnail":0,"footnotes":""},"categories":[8],"tags":[],"class_list":["post-22922","post","type-post","status-publish","format-standard","has-post-thumbnail","hentry","category-wydarzenia","clearfix"],"_links":{"self":[{"href":"https:\/\/przedszkole61.edu.wroclaw.pl\/index.php\/wp-json\/wp\/v2\/posts\/22922","targetHints":{"allow":["GET"]}}],"collection":[{"href":"https:\/\/przedszkole61.edu.wroclaw.pl\/index.php\/wp-json\/wp\/v2\/posts"}],"about":[{"href":"https:\/\/przedszkole61.edu.wroclaw.pl\/index.php\/wp-json\/wp\/v2\/types\/post"}],"author":[{"embeddable":true,"href":"https:\/\/przedszkole61.edu.wroclaw.pl\/index.php\/wp-json\/wp\/v2\/users\/186"}],"replies":[{"embeddable":true,"href":"https:\/\/przedszkole61.edu.wroclaw.pl\/index.php\/wp-json\/wp\/v2\/comments?post=22922"}],"version-history":[{"count":1,"href":"https:\/\/przedszkole61.edu.wroclaw.pl\/index.php\/wp-json\/wp\/v2\/posts\/22922\/revisions"}],"predecessor-version":[{"id":24881,"href":"https:\/\/przedszkole61.edu.wroclaw.pl\/index.php\/wp-json\/wp\/v2\/posts\/22922\/revisions\/24881"}],"wp:featuredmedia":[{"embeddable":true,"href":"https:\/\/przedszkole61.edu.wroclaw.pl\/index.php\/wp-json\/wp\/v2\/media\/22923"}],"wp:attachment":[{"href":"https:\/\/przedszkole61.edu.wroclaw.pl\/index.php\/wp-json\/wp\/v2\/media?parent=22922"}],"wp:term":[{"taxonomy":"category","embeddable":true,"href":"https:\/\/przedszkole61.edu.wroclaw.pl\/index.php\/wp-json\/wp\/v2\/categories?post=22922"},{"taxonomy":"post_tag","embeddable":true,"href":"https:\/\/przedszkole61.edu.wroclaw.pl\/index.php\/wp-json\/wp\/v2\/tags?post=22922"}],"curies":[{"name":"wp","href":"https:\/\/api.w.org\/{rel}","templated":true}]}}