
{"id":22925,"date":"2018-05-15T00:00:00","date_gmt":"2018-05-14T22:00:00","guid":{"rendered":"https:\/\/przedszkole61.edu.wroclaw.pl\/index.php\/2018\/05\/15\/szlakiem-wroclawskich-krasnali\/"},"modified":"2021-04-02T13:33:02","modified_gmt":"2021-04-02T11:33:02","slug":"szlakiem-wroclawskich-krasnali","status":"publish","type":"post","link":"https:\/\/przedszkole61.edu.wroclaw.pl\/index.php\/2018\/05\/15\/szlakiem-wroclawskich-krasnali\/","title":{"rendered":"&#8222;Wroc\u0142awskie Krasnale&#8221;"},"content":{"rendered":"<p><strong>W kwietniu 2018<\/strong> nauczycielki grupy I i II, zorganizowa\u0142y konkurs dla wroc\u0142awskich przedszkoli pt.: &#8222;Wroc\u0142awskie Krasnale&#8221;.<!--more--> Celem by\u0142o rozbudzenie u dzieci zainteresowania naszym miastem. Nades\u0142ano prace z 16 plac\u00f3wek. Wszystkie krasnale wyeksponowane s\u0105 na wystawie w holu naszego przedszkola. Dzi\u0119kujemy za udzia\u0142 w konkursie.<\/p>\n\n","protected":false},"excerpt":{"rendered":"<p>W kwietniu 2018 nauczycielki grupy I i II, zorganizowa\u0142y konkurs dla wroc\u0142awskich przedszkoli pt.: &#8222;Wroc\u0142awskie Krasnale&#8221;.<\/p>\n","protected":false},"author":186,"featured_media":21786,"comment_status":"closed","ping_status":"open","sticky":false,"template":"","format":"standard","meta":{"ngg_post_thumbnail":0,"footnotes":""},"categories":[8],"tags":[],"class_list":["post-22925","post","type-post","status-publish","format-standard","has-post-thumbnail","hentry","category-wydarzenia","clearfix"],"_links":{"self":[{"href":"https:\/\/przedszkole61.edu.wroclaw.pl\/index.php\/wp-json\/wp\/v2\/posts\/22925","targetHints":{"allow":["GET"]}}],"collection":[{"href":"https:\/\/przedszkole61.edu.wroclaw.pl\/index.php\/wp-json\/wp\/v2\/posts"}],"about":[{"href":"https:\/\/przedszkole61.edu.wroclaw.pl\/index.php\/wp-json\/wp\/v2\/types\/post"}],"author":[{"embeddable":true,"href":"https:\/\/przedszkole61.edu.wroclaw.pl\/index.php\/wp-json\/wp\/v2\/users\/186"}],"replies":[{"embeddable":true,"href":"https:\/\/przedszkole61.edu.wroclaw.pl\/index.php\/wp-json\/wp\/v2\/comments?post=22925"}],"version-history":[{"count":1,"href":"https:\/\/przedszkole61.edu.wroclaw.pl\/index.php\/wp-json\/wp\/v2\/posts\/22925\/revisions"}],"predecessor-version":[{"id":24882,"href":"https:\/\/przedszkole61.edu.wroclaw.pl\/index.php\/wp-json\/wp\/v2\/posts\/22925\/revisions\/24882"}],"wp:featuredmedia":[{"embeddable":true,"href":"https:\/\/przedszkole61.edu.wroclaw.pl\/index.php\/wp-json\/wp\/v2\/media\/21786"}],"wp:attachment":[{"href":"https:\/\/przedszkole61.edu.wroclaw.pl\/index.php\/wp-json\/wp\/v2\/media?parent=22925"}],"wp:term":[{"taxonomy":"category","embeddable":true,"href":"https:\/\/przedszkole61.edu.wroclaw.pl\/index.php\/wp-json\/wp\/v2\/categories?post=22925"},{"taxonomy":"post_tag","embeddable":true,"href":"https:\/\/przedszkole61.edu.wroclaw.pl\/index.php\/wp-json\/wp\/v2\/tags?post=22925"}],"curies":[{"name":"wp","href":"https:\/\/api.w.org\/{rel}","templated":true}]}}