
{"id":22928,"date":"2019-06-04T00:00:00","date_gmt":"2019-06-03T22:00:00","guid":{"rendered":"https:\/\/przedszkole61.edu.wroclaw.pl\/index.php\/2018\/05\/28\/usmiechniety-swiat-zuzi-i-felka-2\/"},"modified":"2021-04-02T13:33:13","modified_gmt":"2021-04-02T11:33:13","slug":"usmiechniety-swiat-zuzi-i-felka-4","status":"publish","type":"post","link":"https:\/\/przedszkole61.edu.wroclaw.pl\/index.php\/2019\/06\/04\/usmiechniety-swiat-zuzi-i-felka-4\/","title":{"rendered":"&#8222;U\u015bmiechni\u0119ty \u015awiat Zuzi i Felka&#8221;"},"content":{"rendered":"<p><strong>4 czerwca 2019<\/strong> odby\u0142o si\u0119 we wszystkich grupach wiekowych spotkanie z lekarzem stomatologiem pani\u0105 Izabel\u0105 Tokarz, w ramach realizacji VIII edycji Programu \u201eProfilaktyka pr\u00f3chnicy z\u0119b\u00f3w u dzieci w wieku przedszkolnym \u201eU\u015bmiechni\u0119ty \u015bwiat Zuzi i Felka\u201d. Podczas spotkania dzieci obejrza\u0142y film edukacyjny pt.:\u201eDr Z\u0105bek &#8211; legenda Z\u0119bolandii\u201d.<!--more--><\/p>\n<p><strong>Pani doktor przypomina: Rodzice powinni my\u0107 z\u0119by swoim dzieciom do 6 roku \u017cycia 2 razy dziennie (rano i wieczorem); oko\u0142o 7 roku \u017cycia dziecko osi\u0105ga sprawno\u015b\u0107 manualn\u0105 i mo\u017ce my\u0107 z\u0119by samodzielnie ale pod kontrol\u0105 rodzica!<\/strong><\/p>\n<p><strong>Pani Izabela Tokarz stomatologiczny opiekun dzieci naszego przedszkola wykonuje zabiegi profilaktyczno \u2013 lecznicze w gabinecie przy ul Powsta\u0144c\u00f3w \u015al\u0105skich 118 p.4, po uprzedniej telefonicznej rejestracji.<\/strong><\/p>\n<p><strong>Serdecznie zapraszamy wszystkie przedszkolaki do wizyty w gabinecie pani doktor wsp\u00f3lnie z mam\u0105 i tat\u0105.<\/strong><\/p>\n\n","protected":false},"excerpt":{"rendered":"<p>4 czerwca 2019 odby\u0142o si\u0119 we wszystkich grupach wiekowych spotkanie z lekarzem stomatologiem pani\u0105 Izabel\u0105 Tokarz, w ramach realizacji VIII edycji Programu \u201eProfilaktyka pr\u00f3chnicy z\u0119b\u00f3w u dzieci w wieku przedszkolnym [&hellip;]<\/p>\n","protected":false},"author":186,"featured_media":23482,"comment_status":"closed","ping_status":"open","sticky":false,"template":"","format":"standard","meta":{"ngg_post_thumbnail":0,"footnotes":""},"categories":[8],"tags":[],"class_list":["post-22928","post","type-post","status-publish","format-standard","has-post-thumbnail","hentry","category-wydarzenia","clearfix"],"_links":{"self":[{"href":"https:\/\/przedszkole61.edu.wroclaw.pl\/index.php\/wp-json\/wp\/v2\/posts\/22928","targetHints":{"allow":["GET"]}}],"collection":[{"href":"https:\/\/przedszkole61.edu.wroclaw.pl\/index.php\/wp-json\/wp\/v2\/posts"}],"about":[{"href":"https:\/\/przedszkole61.edu.wroclaw.pl\/index.php\/wp-json\/wp\/v2\/types\/post"}],"author":[{"embeddable":true,"href":"https:\/\/przedszkole61.edu.wroclaw.pl\/index.php\/wp-json\/wp\/v2\/users\/186"}],"replies":[{"embeddable":true,"href":"https:\/\/przedszkole61.edu.wroclaw.pl\/index.php\/wp-json\/wp\/v2\/comments?post=22928"}],"version-history":[{"count":5,"href":"https:\/\/przedszkole61.edu.wroclaw.pl\/index.php\/wp-json\/wp\/v2\/posts\/22928\/revisions"}],"predecessor-version":[{"id":24970,"href":"https:\/\/przedszkole61.edu.wroclaw.pl\/index.php\/wp-json\/wp\/v2\/posts\/22928\/revisions\/24970"}],"wp:featuredmedia":[{"embeddable":true,"href":"https:\/\/przedszkole61.edu.wroclaw.pl\/index.php\/wp-json\/wp\/v2\/media\/23482"}],"wp:attachment":[{"href":"https:\/\/przedszkole61.edu.wroclaw.pl\/index.php\/wp-json\/wp\/v2\/media?parent=22928"}],"wp:term":[{"taxonomy":"category","embeddable":true,"href":"https:\/\/przedszkole61.edu.wroclaw.pl\/index.php\/wp-json\/wp\/v2\/categories?post=22928"},{"taxonomy":"post_tag","embeddable":true,"href":"https:\/\/przedszkole61.edu.wroclaw.pl\/index.php\/wp-json\/wp\/v2\/tags?post=22928"}],"curies":[{"name":"wp","href":"https:\/\/api.w.org\/{rel}","templated":true}]}}