
{"id":22932,"date":"2018-05-30T00:00:00","date_gmt":"2018-05-29T22:00:00","guid":{"rendered":"https:\/\/przedszkole61.edu.wroclaw.pl\/index.php\/2018\/05\/30\/dzien-dziecka-4\/"},"modified":"2021-04-02T13:33:02","modified_gmt":"2021-04-02T11:33:02","slug":"dzien-dziecka-4","status":"publish","type":"post","link":"https:\/\/przedszkole61.edu.wroclaw.pl\/index.php\/2018\/05\/30\/dzien-dziecka-4\/","title":{"rendered":"&#8222;Dzie\u0144 Dziecka&#8221;"},"content":{"rendered":"<p><strong>30 maja 2018 <\/strong>&#8222;Gajowickie Skrzaty&#8221; \u015bwi\u0119towa\u0142y Dzie\u0144 Dziecka pod has\u0142em &#8222;My Wroc\u0142awianie &#8211; moje ma\u0142e miejsce na Ziemi&#8221;. By\u0142y \u017cyczenia dla wszystkich Skrzat\u00f3w, ta\u0144ce, pl\u0105sy, konkursy, s\u0142odki pocz\u0119stunek, prezenty oraz duuu\u017co rado\u015bci! <!--more--><strong>Wszystkiego najlepszego &#8222;Gajowickie Skrzaty&#8221; &#8211; od \u015bwi\u0119ta i na co dzie\u0144!<\/strong><\/p>\n<p><strong>Zabaw\u0119 prowadzi\u0142a &#8211; Pani Alina Zwo\u017aniak wraz z zespo\u0142em.<\/strong><\/p>\n\n","protected":false},"excerpt":{"rendered":"<p>30 maja 2018 &#8222;Gajowickie Skrzaty&#8221; \u015bwi\u0119towa\u0142y Dzie\u0144 Dziecka pod has\u0142em &#8222;My Wroc\u0142awianie &#8211; moje ma\u0142e miejsce na Ziemi&#8221;. By\u0142y \u017cyczenia dla wszystkich Skrzat\u00f3w, ta\u0144ce, pl\u0105sy, konkursy, s\u0142odki pocz\u0119stunek, prezenty oraz [&hellip;]<\/p>\n","protected":false},"author":186,"featured_media":22933,"comment_status":"closed","ping_status":"open","sticky":false,"template":"","format":"standard","meta":{"ngg_post_thumbnail":0,"footnotes":""},"categories":[8],"tags":[],"class_list":["post-22932","post","type-post","status-publish","format-standard","has-post-thumbnail","hentry","category-wydarzenia","clearfix"],"_links":{"self":[{"href":"https:\/\/przedszkole61.edu.wroclaw.pl\/index.php\/wp-json\/wp\/v2\/posts\/22932","targetHints":{"allow":["GET"]}}],"collection":[{"href":"https:\/\/przedszkole61.edu.wroclaw.pl\/index.php\/wp-json\/wp\/v2\/posts"}],"about":[{"href":"https:\/\/przedszkole61.edu.wroclaw.pl\/index.php\/wp-json\/wp\/v2\/types\/post"}],"author":[{"embeddable":true,"href":"https:\/\/przedszkole61.edu.wroclaw.pl\/index.php\/wp-json\/wp\/v2\/users\/186"}],"replies":[{"embeddable":true,"href":"https:\/\/przedszkole61.edu.wroclaw.pl\/index.php\/wp-json\/wp\/v2\/comments?post=22932"}],"version-history":[{"count":1,"href":"https:\/\/przedszkole61.edu.wroclaw.pl\/index.php\/wp-json\/wp\/v2\/posts\/22932\/revisions"}],"predecessor-version":[{"id":24884,"href":"https:\/\/przedszkole61.edu.wroclaw.pl\/index.php\/wp-json\/wp\/v2\/posts\/22932\/revisions\/24884"}],"wp:featuredmedia":[{"embeddable":true,"href":"https:\/\/przedszkole61.edu.wroclaw.pl\/index.php\/wp-json\/wp\/v2\/media\/22933"}],"wp:attachment":[{"href":"https:\/\/przedszkole61.edu.wroclaw.pl\/index.php\/wp-json\/wp\/v2\/media?parent=22932"}],"wp:term":[{"taxonomy":"category","embeddable":true,"href":"https:\/\/przedszkole61.edu.wroclaw.pl\/index.php\/wp-json\/wp\/v2\/categories?post=22932"},{"taxonomy":"post_tag","embeddable":true,"href":"https:\/\/przedszkole61.edu.wroclaw.pl\/index.php\/wp-json\/wp\/v2\/tags?post=22932"}],"curies":[{"name":"wp","href":"https:\/\/api.w.org\/{rel}","templated":true}]}}