
{"id":22960,"date":"2018-06-08T00:00:00","date_gmt":"2018-06-07T22:00:00","guid":{"rendered":"https:\/\/przedszkole61.edu.wroclaw.pl\/index.php\/2018\/06\/08\/pozegnamy-przedszkole-poklonimy-sie-szkole\/"},"modified":"2021-04-02T13:33:04","modified_gmt":"2021-04-02T11:33:04","slug":"pozegnamy-przedszkole-poklonimy-sie-szkole","status":"publish","type":"post","link":"https:\/\/przedszkole61.edu.wroclaw.pl\/index.php\/2018\/06\/08\/pozegnamy-przedszkole-poklonimy-sie-szkole\/","title":{"rendered":"&#8222;Po\u017cegnamy przedszkole, pok\u0142onimy si\u0119 szkole&#8221;"},"content":{"rendered":"<p><strong>&#8222;Kwiatek dla pani. Cmok dla maluch\u00f3w. Troch\u0119 nam smutno. Pa, pa przedszkole! Lecz czy b\u0119dziemy mogli tu wr\u00f3ci\u0107, gdy nam si\u0119 znudzi w tej nowej szkole?&#8221; <\/strong><em>A. Widzowska<\/em><\/p>\n<p><strong>7 czerwca 2018<\/strong> odby\u0142o si\u0119 uroczyste po\u017cegnanie przedszkolak\u00f3w, kt\u00f3re po wakacjach rozpoczn\u0105 nauk\u0119 w szkole.<!--more--> Pani dyrektor \u2013 Joanna Jandy po\u017cegna\u0142a dzieci oraz wr\u0119czy\u0142a im pami\u0105tkowe dyplomy uko\u0144czenia przedszkola i upominki \u2013 ksi\u0105\u017cki. Spotkanie zako\u0144czy\u0142o si\u0119 weso\u0142\u0105 zabaw\u0105 z rodzicami, kt\u00f3r\u0105 prowadzi\u0142a animatorka \u2013 Pani Alina Zwo\u017aniak wraz z zespo\u0142em. Nie zabrak\u0142o r\u00f3wnie\u017c s\u0142odkiego pocz\u0119stunku dla dzieci.<\/p>\n<p><strong>Dzi\u0119kujemy wszystkim Rodzicom za wieloletni\u0105 wsp\u00f3\u0142prac\u0119 oraz zaanga\u017cowanie w organizacj\u0119 uroczysto\u015bci, a dzieciom \u017cyczymy: samych sukces\u00f3w w szkole, du\u017co rado\u015bci i u\u015bmiech\u00f3w na ka\u017cdy dzie\u0144.<\/strong><\/p>\n\n","protected":false},"excerpt":{"rendered":"<p>&#8222;Kwiatek dla pani. Cmok dla maluch\u00f3w. Troch\u0119 nam smutno. Pa, pa przedszkole! Lecz czy b\u0119dziemy mogli tu wr\u00f3ci\u0107, gdy nam si\u0119 znudzi w tej nowej szkole?&#8221; A. Widzowska 7 czerwca [&hellip;]<\/p>\n","protected":false},"author":186,"featured_media":22961,"comment_status":"closed","ping_status":"open","sticky":false,"template":"","format":"standard","meta":{"ngg_post_thumbnail":0,"footnotes":""},"categories":[8],"tags":[],"class_list":["post-22960","post","type-post","status-publish","format-standard","has-post-thumbnail","hentry","category-wydarzenia","clearfix"],"_links":{"self":[{"href":"https:\/\/przedszkole61.edu.wroclaw.pl\/index.php\/wp-json\/wp\/v2\/posts\/22960","targetHints":{"allow":["GET"]}}],"collection":[{"href":"https:\/\/przedszkole61.edu.wroclaw.pl\/index.php\/wp-json\/wp\/v2\/posts"}],"about":[{"href":"https:\/\/przedszkole61.edu.wroclaw.pl\/index.php\/wp-json\/wp\/v2\/types\/post"}],"author":[{"embeddable":true,"href":"https:\/\/przedszkole61.edu.wroclaw.pl\/index.php\/wp-json\/wp\/v2\/users\/186"}],"replies":[{"embeddable":true,"href":"https:\/\/przedszkole61.edu.wroclaw.pl\/index.php\/wp-json\/wp\/v2\/comments?post=22960"}],"version-history":[{"count":1,"href":"https:\/\/przedszkole61.edu.wroclaw.pl\/index.php\/wp-json\/wp\/v2\/posts\/22960\/revisions"}],"predecessor-version":[{"id":24890,"href":"https:\/\/przedszkole61.edu.wroclaw.pl\/index.php\/wp-json\/wp\/v2\/posts\/22960\/revisions\/24890"}],"wp:featuredmedia":[{"embeddable":true,"href":"https:\/\/przedszkole61.edu.wroclaw.pl\/index.php\/wp-json\/wp\/v2\/media\/22961"}],"wp:attachment":[{"href":"https:\/\/przedszkole61.edu.wroclaw.pl\/index.php\/wp-json\/wp\/v2\/media?parent=22960"}],"wp:term":[{"taxonomy":"category","embeddable":true,"href":"https:\/\/przedszkole61.edu.wroclaw.pl\/index.php\/wp-json\/wp\/v2\/categories?post=22960"},{"taxonomy":"post_tag","embeddable":true,"href":"https:\/\/przedszkole61.edu.wroclaw.pl\/index.php\/wp-json\/wp\/v2\/tags?post=22960"}],"curies":[{"name":"wp","href":"https:\/\/api.w.org\/{rel}","templated":true}]}}