
{"id":22963,"date":"2018-06-08T00:00:00","date_gmt":"2018-06-07T22:00:00","guid":{"rendered":"https:\/\/przedszkole61.edu.wroclaw.pl\/index.php\/2018\/06\/08\/i-ty-mozesz-zostac-indianinem\/"},"modified":"2021-04-02T13:33:04","modified_gmt":"2021-04-02T11:33:04","slug":"i-ty-mozesz-zostac-indianinem","status":"publish","type":"post","link":"https:\/\/przedszkole61.edu.wroclaw.pl\/index.php\/2018\/06\/08\/i-ty-mozesz-zostac-indianinem\/","title":{"rendered":"&#8222;I Ty mo\u017cesz zosta\u0107 Indianinem&#8221;"},"content":{"rendered":"<p><b>8 czerwca 2018<\/b> &#8222;Gajowickie Skrzaty&#8221; wybra\u0142y si\u0119 na wycieczk\u0119 autokarow\u0105 do Wioski India\u0144skiej \u201ePocahontas\u201d. <!--more-->Na miejscu czeka\u0142o na dzieci mn\u00f3stwo przyg\u00f3d i atrakcji. Przedszkolaki, przyozdobione bojowymi tatua\u017cami oraz pi\u00f3ropuszami, zdobywa\u0142y india\u0144skie sprawno\u015bci i trofea; strzela\u0142y z \u0142uku, uczy\u0142y si\u0119 india\u0144skich okrzyk\u00f3w, gra\u0142y na b\u0119bnach, pokonywa\u0142y labirynt \u2026 By\u0142y to pe\u0142ne rado\u015bci i weso\u0142ych okrzyk\u00f3w emocjonuj\u0105ce zabawy!<\/p>\n\n<p>\u00a0<\/p>\n","protected":false},"excerpt":{"rendered":"<p>8 czerwca 2018 &#8222;Gajowickie Skrzaty&#8221; wybra\u0142y si\u0119 na wycieczk\u0119 autokarow\u0105 do Wioski India\u0144skiej \u201ePocahontas\u201d.<\/p>\n","protected":false},"author":186,"featured_media":22964,"comment_status":"closed","ping_status":"open","sticky":false,"template":"","format":"standard","meta":{"ngg_post_thumbnail":0,"footnotes":""},"categories":[8],"tags":[],"class_list":["post-22963","post","type-post","status-publish","format-standard","has-post-thumbnail","hentry","category-wydarzenia","clearfix"],"_links":{"self":[{"href":"https:\/\/przedszkole61.edu.wroclaw.pl\/index.php\/wp-json\/wp\/v2\/posts\/22963","targetHints":{"allow":["GET"]}}],"collection":[{"href":"https:\/\/przedszkole61.edu.wroclaw.pl\/index.php\/wp-json\/wp\/v2\/posts"}],"about":[{"href":"https:\/\/przedszkole61.edu.wroclaw.pl\/index.php\/wp-json\/wp\/v2\/types\/post"}],"author":[{"embeddable":true,"href":"https:\/\/przedszkole61.edu.wroclaw.pl\/index.php\/wp-json\/wp\/v2\/users\/186"}],"replies":[{"embeddable":true,"href":"https:\/\/przedszkole61.edu.wroclaw.pl\/index.php\/wp-json\/wp\/v2\/comments?post=22963"}],"version-history":[{"count":1,"href":"https:\/\/przedszkole61.edu.wroclaw.pl\/index.php\/wp-json\/wp\/v2\/posts\/22963\/revisions"}],"predecessor-version":[{"id":24891,"href":"https:\/\/przedszkole61.edu.wroclaw.pl\/index.php\/wp-json\/wp\/v2\/posts\/22963\/revisions\/24891"}],"wp:featuredmedia":[{"embeddable":true,"href":"https:\/\/przedszkole61.edu.wroclaw.pl\/index.php\/wp-json\/wp\/v2\/media\/22964"}],"wp:attachment":[{"href":"https:\/\/przedszkole61.edu.wroclaw.pl\/index.php\/wp-json\/wp\/v2\/media?parent=22963"}],"wp:term":[{"taxonomy":"category","embeddable":true,"href":"https:\/\/przedszkole61.edu.wroclaw.pl\/index.php\/wp-json\/wp\/v2\/categories?post=22963"},{"taxonomy":"post_tag","embeddable":true,"href":"https:\/\/przedszkole61.edu.wroclaw.pl\/index.php\/wp-json\/wp\/v2\/tags?post=22963"}],"curies":[{"name":"wp","href":"https:\/\/api.w.org\/{rel}","templated":true}]}}