
{"id":22969,"date":"2018-06-13T00:00:00","date_gmt":"2018-06-12T22:00:00","guid":{"rendered":"https:\/\/przedszkole61.edu.wroclaw.pl\/index.php\/2018\/06\/13\/warsztaty-ekologiczne-w-przedszkolu\/"},"modified":"2021-04-02T13:33:04","modified_gmt":"2021-04-02T11:33:04","slug":"warsztaty-ekologiczne-w-przedszkolu","status":"publish","type":"post","link":"https:\/\/przedszkole61.edu.wroclaw.pl\/index.php\/2018\/06\/13\/warsztaty-ekologiczne-w-przedszkolu\/","title":{"rendered":"Warsztaty ekologiczne w przedszkolu"},"content":{"rendered":"<p><strong>13 czerwca 2018<\/strong> &#8222;Gajowickie Skrzaty&#8221; z grupy V uczestniczy\u0142y w warsztatach ekologicznych pt.: &#8222;Bior\u00f3\u017cnorodno\u015b\u0107 i ochrona \u015brodowiska&#8221;. Na koniec spotkania przedszkolaki samodzielnie zrobi\u0142y z kolorowego papieru doniczk\u0119 i posadzi\u0142y w niej pi\u0119kne kwiaty &#8211; smagliczki; by\u0142 te\u017c czas na zdrowe &#8222;ma\u0142e co nieco&#8221;. <strong>By\u0142o Eko!<\/strong><!--more--><\/p>\n<p>Warsztaty zosta\u0142y zorganizowane przez Fundacj\u0119 Rozw\u00f3j, finansowane ze \u015brodk\u00f3w Unii Europejskiej.<\/p>\n\n","protected":false},"excerpt":{"rendered":"<p>13 czerwca 2018 &#8222;Gajowickie Skrzaty&#8221; z grupy V uczestniczy\u0142y w warsztatach ekologicznych pt.: &#8222;Bior\u00f3\u017cnorodno\u015b\u0107 i ochrona \u015brodowiska&#8221;. Na koniec spotkania przedszkolaki samodzielnie zrobi\u0142y z kolorowego papieru doniczk\u0119 i posadzi\u0142y w [&hellip;]<\/p>\n","protected":false},"author":186,"featured_media":22970,"comment_status":"closed","ping_status":"open","sticky":false,"template":"","format":"standard","meta":{"ngg_post_thumbnail":0,"footnotes":""},"categories":[8],"tags":[],"class_list":["post-22969","post","type-post","status-publish","format-standard","has-post-thumbnail","hentry","category-wydarzenia","clearfix"],"_links":{"self":[{"href":"https:\/\/przedszkole61.edu.wroclaw.pl\/index.php\/wp-json\/wp\/v2\/posts\/22969","targetHints":{"allow":["GET"]}}],"collection":[{"href":"https:\/\/przedszkole61.edu.wroclaw.pl\/index.php\/wp-json\/wp\/v2\/posts"}],"about":[{"href":"https:\/\/przedszkole61.edu.wroclaw.pl\/index.php\/wp-json\/wp\/v2\/types\/post"}],"author":[{"embeddable":true,"href":"https:\/\/przedszkole61.edu.wroclaw.pl\/index.php\/wp-json\/wp\/v2\/users\/186"}],"replies":[{"embeddable":true,"href":"https:\/\/przedszkole61.edu.wroclaw.pl\/index.php\/wp-json\/wp\/v2\/comments?post=22969"}],"version-history":[{"count":1,"href":"https:\/\/przedszkole61.edu.wroclaw.pl\/index.php\/wp-json\/wp\/v2\/posts\/22969\/revisions"}],"predecessor-version":[{"id":24892,"href":"https:\/\/przedszkole61.edu.wroclaw.pl\/index.php\/wp-json\/wp\/v2\/posts\/22969\/revisions\/24892"}],"wp:featuredmedia":[{"embeddable":true,"href":"https:\/\/przedszkole61.edu.wroclaw.pl\/index.php\/wp-json\/wp\/v2\/media\/22970"}],"wp:attachment":[{"href":"https:\/\/przedszkole61.edu.wroclaw.pl\/index.php\/wp-json\/wp\/v2\/media?parent=22969"}],"wp:term":[{"taxonomy":"category","embeddable":true,"href":"https:\/\/przedszkole61.edu.wroclaw.pl\/index.php\/wp-json\/wp\/v2\/categories?post=22969"},{"taxonomy":"post_tag","embeddable":true,"href":"https:\/\/przedszkole61.edu.wroclaw.pl\/index.php\/wp-json\/wp\/v2\/tags?post=22969"}],"curies":[{"name":"wp","href":"https:\/\/api.w.org\/{rel}","templated":true}]}}