
{"id":22979,"date":"2018-06-20T00:00:00","date_gmt":"2018-06-19T22:00:00","guid":{"rendered":"https:\/\/przedszkole61.edu.wroclaw.pl\/index.php\/2018\/06\/20\/wakacje-coraz-blizej\/"},"modified":"2021-04-02T13:33:04","modified_gmt":"2021-04-02T11:33:04","slug":"wakacje-coraz-blizej","status":"publish","type":"post","link":"https:\/\/przedszkole61.edu.wroclaw.pl\/index.php\/2018\/06\/20\/wakacje-coraz-blizej\/","title":{"rendered":"&#8222;Niech \u017cyj\u0105 wakacje&#8221;"},"content":{"rendered":"<p><strong>Drodzy Rodzice!<\/strong><\/p>\n<p>W wakacje zach\u0119camy do wsp\u00f3lnych spacer\u00f3w z dzie\u0107mi &#8222;Szlakiem Wroc\u0142awskich Krasnali&#8221;. Wykonane w trakcie wycieczek zdj\u0119cia zaprezentujemy w k\u0105ciku o Wroc\u0142awiu.<\/p>\n<p><strong>Do zobaczenia na krasnoludkowym szlaku!<!--more--><\/strong><\/p>\n\n","protected":false},"excerpt":{"rendered":"<p>Drodzy Rodzice! W wakacje zach\u0119camy do wsp\u00f3lnych spacer\u00f3w z dzie\u0107mi &#8222;Szlakiem Wroc\u0142awskich Krasnali&#8221;. Wykonane w trakcie wycieczek zdj\u0119cia zaprezentujemy w k\u0105ciku o Wroc\u0142awiu. Do zobaczenia na krasnoludkowym szlaku!<\/p>\n","protected":false},"author":186,"featured_media":22980,"comment_status":"closed","ping_status":"open","sticky":false,"template":"","format":"standard","meta":{"ngg_post_thumbnail":0,"footnotes":""},"categories":[8],"tags":[],"class_list":["post-22979","post","type-post","status-publish","format-standard","has-post-thumbnail","hentry","category-wydarzenia","clearfix"],"_links":{"self":[{"href":"https:\/\/przedszkole61.edu.wroclaw.pl\/index.php\/wp-json\/wp\/v2\/posts\/22979","targetHints":{"allow":["GET"]}}],"collection":[{"href":"https:\/\/przedszkole61.edu.wroclaw.pl\/index.php\/wp-json\/wp\/v2\/posts"}],"about":[{"href":"https:\/\/przedszkole61.edu.wroclaw.pl\/index.php\/wp-json\/wp\/v2\/types\/post"}],"author":[{"embeddable":true,"href":"https:\/\/przedszkole61.edu.wroclaw.pl\/index.php\/wp-json\/wp\/v2\/users\/186"}],"replies":[{"embeddable":true,"href":"https:\/\/przedszkole61.edu.wroclaw.pl\/index.php\/wp-json\/wp\/v2\/comments?post=22979"}],"version-history":[{"count":1,"href":"https:\/\/przedszkole61.edu.wroclaw.pl\/index.php\/wp-json\/wp\/v2\/posts\/22979\/revisions"}],"predecessor-version":[{"id":24894,"href":"https:\/\/przedszkole61.edu.wroclaw.pl\/index.php\/wp-json\/wp\/v2\/posts\/22979\/revisions\/24894"}],"wp:featuredmedia":[{"embeddable":true,"href":"https:\/\/przedszkole61.edu.wroclaw.pl\/index.php\/wp-json\/wp\/v2\/media\/22980"}],"wp:attachment":[{"href":"https:\/\/przedszkole61.edu.wroclaw.pl\/index.php\/wp-json\/wp\/v2\/media?parent=22979"}],"wp:term":[{"taxonomy":"category","embeddable":true,"href":"https:\/\/przedszkole61.edu.wroclaw.pl\/index.php\/wp-json\/wp\/v2\/categories?post=22979"},{"taxonomy":"post_tag","embeddable":true,"href":"https:\/\/przedszkole61.edu.wroclaw.pl\/index.php\/wp-json\/wp\/v2\/tags?post=22979"}],"curies":[{"name":"wp","href":"https:\/\/api.w.org\/{rel}","templated":true}]}}