
{"id":22992,"date":"2018-09-19T00:00:00","date_gmt":"2018-09-18T22:00:00","guid":{"rendered":"https:\/\/przedszkole61.edu.wroclaw.pl\/index.php\/2018\/09\/19\/akademia-mlodego-kucharza\/"},"modified":"2021-04-02T13:33:05","modified_gmt":"2021-04-02T11:33:05","slug":"akademia-mlodego-kucharza","status":"publish","type":"post","link":"https:\/\/przedszkole61.edu.wroclaw.pl\/index.php\/2018\/09\/19\/akademia-mlodego-kucharza\/","title":{"rendered":"Akademia M\u0142odego Kucharza"},"content":{"rendered":"<p><strong>\u201eGajowickie Skrzaty\u201d <\/strong>uczestniczy\u0142y w warsztatach kulinarnych, organizowanych przez Akademi\u0119 M\u0142odego Kucharza. <!--more-->Przedszkolaki samodzielnie przygotowa\u0142y zdrowe i smaczne placuszki dyniowe, kt\u00f3re przyozdobi\u0142y barwami narodowymi. By\u0142o zdrowo, pysznie i bardzo patriotycznie. Mniam!<strong><\/strong><\/p>\n\n","protected":false},"excerpt":{"rendered":"<p>\u201eGajowickie Skrzaty\u201d uczestniczy\u0142y w warsztatach kulinarnych, organizowanych przez Akademi\u0119 M\u0142odego Kucharza.<\/p>\n","protected":false},"author":186,"featured_media":22993,"comment_status":"closed","ping_status":"open","sticky":false,"template":"","format":"standard","meta":{"ngg_post_thumbnail":0,"footnotes":""},"categories":[8],"tags":[],"class_list":["post-22992","post","type-post","status-publish","format-standard","has-post-thumbnail","hentry","category-wydarzenia","clearfix"],"_links":{"self":[{"href":"https:\/\/przedszkole61.edu.wroclaw.pl\/index.php\/wp-json\/wp\/v2\/posts\/22992","targetHints":{"allow":["GET"]}}],"collection":[{"href":"https:\/\/przedszkole61.edu.wroclaw.pl\/index.php\/wp-json\/wp\/v2\/posts"}],"about":[{"href":"https:\/\/przedszkole61.edu.wroclaw.pl\/index.php\/wp-json\/wp\/v2\/types\/post"}],"author":[{"embeddable":true,"href":"https:\/\/przedszkole61.edu.wroclaw.pl\/index.php\/wp-json\/wp\/v2\/users\/186"}],"replies":[{"embeddable":true,"href":"https:\/\/przedszkole61.edu.wroclaw.pl\/index.php\/wp-json\/wp\/v2\/comments?post=22992"}],"version-history":[{"count":1,"href":"https:\/\/przedszkole61.edu.wroclaw.pl\/index.php\/wp-json\/wp\/v2\/posts\/22992\/revisions"}],"predecessor-version":[{"id":24898,"href":"https:\/\/przedszkole61.edu.wroclaw.pl\/index.php\/wp-json\/wp\/v2\/posts\/22992\/revisions\/24898"}],"wp:featuredmedia":[{"embeddable":true,"href":"https:\/\/przedszkole61.edu.wroclaw.pl\/index.php\/wp-json\/wp\/v2\/media\/22993"}],"wp:attachment":[{"href":"https:\/\/przedszkole61.edu.wroclaw.pl\/index.php\/wp-json\/wp\/v2\/media?parent=22992"}],"wp:term":[{"taxonomy":"category","embeddable":true,"href":"https:\/\/przedszkole61.edu.wroclaw.pl\/index.php\/wp-json\/wp\/v2\/categories?post=22992"},{"taxonomy":"post_tag","embeddable":true,"href":"https:\/\/przedszkole61.edu.wroclaw.pl\/index.php\/wp-json\/wp\/v2\/tags?post=22992"}],"curies":[{"name":"wp","href":"https:\/\/api.w.org\/{rel}","templated":true}]}}