
{"id":23005,"date":"2018-09-26T00:00:00","date_gmt":"2018-09-25T22:00:00","guid":{"rendered":"https:\/\/przedszkole61.edu.wroclaw.pl\/index.php\/2018\/09\/26\/alicja-w-krainie-czarow\/"},"modified":"2021-04-02T13:33:05","modified_gmt":"2021-04-02T11:33:05","slug":"alicja-w-krainie-czarow","status":"publish","type":"post","link":"https:\/\/przedszkole61.edu.wroclaw.pl\/index.php\/2018\/09\/26\/alicja-w-krainie-czarow\/","title":{"rendered":"&#8222;Alicja w Krainie Czar\u00f3w&#8221;"},"content":{"rendered":"<p><strong>26 wrze\u015bnia 2018<\/strong> &#8222;Gajowickie Skrzaty&#8221; obejrza\u0142y przedstawienie pt.: &#8222;Alicja w Krainie Czar\u00f3w&#8221;, w wykonaniu aktor\u00f3w Teatru &#8222;Blaszany B\u0119benek&#8221;.<!--more--><\/p>\n<p>\u00a0<\/p>\n\n","protected":false},"excerpt":{"rendered":"<p>26 wrze\u015bnia 2018 &#8222;Gajowickie Skrzaty&#8221; obejrza\u0142y przedstawienie pt.: &#8222;Alicja w Krainie Czar\u00f3w&#8221;, w wykonaniu aktor\u00f3w Teatru &#8222;Blaszany B\u0119benek&#8221;.<\/p>\n","protected":false},"author":186,"featured_media":23006,"comment_status":"closed","ping_status":"open","sticky":false,"template":"","format":"standard","meta":{"ngg_post_thumbnail":0,"footnotes":""},"categories":[8],"tags":[],"class_list":["post-23005","post","type-post","status-publish","format-standard","has-post-thumbnail","hentry","category-wydarzenia","clearfix"],"_links":{"self":[{"href":"https:\/\/przedszkole61.edu.wroclaw.pl\/index.php\/wp-json\/wp\/v2\/posts\/23005","targetHints":{"allow":["GET"]}}],"collection":[{"href":"https:\/\/przedszkole61.edu.wroclaw.pl\/index.php\/wp-json\/wp\/v2\/posts"}],"about":[{"href":"https:\/\/przedszkole61.edu.wroclaw.pl\/index.php\/wp-json\/wp\/v2\/types\/post"}],"author":[{"embeddable":true,"href":"https:\/\/przedszkole61.edu.wroclaw.pl\/index.php\/wp-json\/wp\/v2\/users\/186"}],"replies":[{"embeddable":true,"href":"https:\/\/przedszkole61.edu.wroclaw.pl\/index.php\/wp-json\/wp\/v2\/comments?post=23005"}],"version-history":[{"count":1,"href":"https:\/\/przedszkole61.edu.wroclaw.pl\/index.php\/wp-json\/wp\/v2\/posts\/23005\/revisions"}],"predecessor-version":[{"id":24899,"href":"https:\/\/przedszkole61.edu.wroclaw.pl\/index.php\/wp-json\/wp\/v2\/posts\/23005\/revisions\/24899"}],"wp:featuredmedia":[{"embeddable":true,"href":"https:\/\/przedszkole61.edu.wroclaw.pl\/index.php\/wp-json\/wp\/v2\/media\/23006"}],"wp:attachment":[{"href":"https:\/\/przedszkole61.edu.wroclaw.pl\/index.php\/wp-json\/wp\/v2\/media?parent=23005"}],"wp:term":[{"taxonomy":"category","embeddable":true,"href":"https:\/\/przedszkole61.edu.wroclaw.pl\/index.php\/wp-json\/wp\/v2\/categories?post=23005"},{"taxonomy":"post_tag","embeddable":true,"href":"https:\/\/przedszkole61.edu.wroclaw.pl\/index.php\/wp-json\/wp\/v2\/tags?post=23005"}],"curies":[{"name":"wp","href":"https:\/\/api.w.org\/{rel}","templated":true}]}}