
{"id":23011,"date":"2018-10-10T00:00:00","date_gmt":"2018-10-09T22:00:00","guid":{"rendered":"https:\/\/przedszkole61.edu.wroclaw.pl\/index.php\/2018\/10\/10\/urodziny-marchewki-impreza-prozdrowotna-w-przedszkolu\/"},"modified":"2021-04-02T13:33:05","modified_gmt":"2021-04-02T11:33:05","slug":"urodziny-marchewki-impreza-prozdrowotna-w-przedszkolu","status":"publish","type":"post","link":"https:\/\/przedszkole61.edu.wroclaw.pl\/index.php\/2018\/10\/10\/urodziny-marchewki-impreza-prozdrowotna-w-przedszkolu\/","title":{"rendered":"&#8222;Urodziny Marchewki&#8221;"},"content":{"rendered":"<p><strong>9 pa\u017adziernika 2018 <\/strong>w przedszkolu swoje urodziny obchodzi\u0142a Marchewka! \u015awi\u0119towanie rozpocz\u0119\u0142o si\u0119 od weso\u0142ego teatrzyku kukie\u0142kowego pt.: \u201eZdrowe warzywo\u201d, oczywi\u015bcie z marchewk\u0105 w roli g\u0142\u00f3wnej.<!--more--><\/p>\n\n<p><strong>A potem by\u0142 czas na weso\u0142e, \u201emarchewkowe\u201d zabawy w poszczeg\u00f3lnych strefach aktywno\u015bci:<\/strong><\/p>\n<ul>\n<li><strong>Strefa wyobra\u017ani z marchewk\u0105 \u201eKoreczkowo i nie tylko\u201d<\/strong><\/li>\n<\/ul>\n\n<ul>\n<li><strong>Strefa ruchu \u201eGimnastyka z marchewk\u0105\u201d<\/strong><\/li>\n<\/ul>\n\n<ul>\n<li><strong>Strefa taneczna \u201eSa\u0142atka marchewkowa\u201d<\/strong><\/li>\n<\/ul>\n\n<ul>\n<li><strong>Strefa plastyczna \u201eMarchewkowa dama\u201d<\/strong><\/li>\n<\/ul>\n\n<ul>\n<li><strong>Strefa \u201eFabryka soku marchewkowego\u201d<\/strong><\/li>\n<\/ul>\n\n<p><strong>Na zako\u0144czenie uroczysto\u015bci by\u0142 pyszny tort marchewkowy \u2026\u00a0 <\/strong><\/p>\n<p><strong>Sto lat Marcheweczko!<br \/>\n<\/strong><\/p>\n\n<p>\u00a0<\/p>\n<p><strong>\u201eUrodziny Marchewki\u201d &#8211; impreza<\/strong><strong> prozdrowotna, zosta\u0142a zorganizowana w ramach dobrych praktyk pedagogicznych zawartych w Rocznym Programie &#8222;Zdrowy Polak \u2013 Przedszkolak&#8221;.<\/strong><\/p>\n<p><strong>Cele:<\/strong><\/p>\n<ul>\n<li><strong>tworzenie sytuacji sprzyjaj\u0105cych rozwojowi nawyk\u00f3w i zachowa\u0144 prowadz\u0105cych do samodzielno\u015bci w dbaniu o zdrowie,<\/strong><\/li>\n<li><strong>nabywanie i bogacenie wiedzy na temat &#8222;zdrowej \u017cywno\u015bci&#8221; i &#8222;zdrowego od\u017cywiania&#8221;,<\/strong><\/li>\n<li><strong>wspieranie wielokierunkowej aktywno\u015bci dziecka poprzez organizacj\u0119 warunk\u00f3w sprzyjaj\u0105cych nabywaniu do\u015bwiadcze\u0144 w r\u00f3\u017cnych sferach : poznawczej, emocjonalnej, spo\u0142ecznej i fizycznej,<\/strong><\/li>\n<li><strong>wzmacnianie poczucia warto\u015bci dziecka oraz potrzeby tworzenia relacji osobowych i uczestnictwa w grupie,<\/strong><\/li>\n<\/ul>\n<p><strong>Dzi\u0119kujemy Rodzicom za pomoc w organizacji uroczysto\u015bci.<\/strong><\/p>\n","protected":false},"excerpt":{"rendered":"<p>9 pa\u017adziernika 2018 w przedszkolu swoje urodziny obchodzi\u0142a Marchewka! \u015awi\u0119towanie rozpocz\u0119\u0142o si\u0119 od weso\u0142ego teatrzyku kukie\u0142kowego pt.: \u201eZdrowe warzywo\u201d, oczywi\u015bcie z marchewk\u0105 w roli g\u0142\u00f3wnej.<\/p>\n","protected":false},"author":186,"featured_media":23012,"comment_status":"closed","ping_status":"open","sticky":false,"template":"","format":"standard","meta":{"ngg_post_thumbnail":0,"footnotes":""},"categories":[8],"tags":[],"class_list":["post-23011","post","type-post","status-publish","format-standard","has-post-thumbnail","hentry","category-wydarzenia","clearfix"],"_links":{"self":[{"href":"https:\/\/przedszkole61.edu.wroclaw.pl\/index.php\/wp-json\/wp\/v2\/posts\/23011","targetHints":{"allow":["GET"]}}],"collection":[{"href":"https:\/\/przedszkole61.edu.wroclaw.pl\/index.php\/wp-json\/wp\/v2\/posts"}],"about":[{"href":"https:\/\/przedszkole61.edu.wroclaw.pl\/index.php\/wp-json\/wp\/v2\/types\/post"}],"author":[{"embeddable":true,"href":"https:\/\/przedszkole61.edu.wroclaw.pl\/index.php\/wp-json\/wp\/v2\/users\/186"}],"replies":[{"embeddable":true,"href":"https:\/\/przedszkole61.edu.wroclaw.pl\/index.php\/wp-json\/wp\/v2\/comments?post=23011"}],"version-history":[{"count":1,"href":"https:\/\/przedszkole61.edu.wroclaw.pl\/index.php\/wp-json\/wp\/v2\/posts\/23011\/revisions"}],"predecessor-version":[{"id":24902,"href":"https:\/\/przedszkole61.edu.wroclaw.pl\/index.php\/wp-json\/wp\/v2\/posts\/23011\/revisions\/24902"}],"wp:featuredmedia":[{"embeddable":true,"href":"https:\/\/przedszkole61.edu.wroclaw.pl\/index.php\/wp-json\/wp\/v2\/media\/23012"}],"wp:attachment":[{"href":"https:\/\/przedszkole61.edu.wroclaw.pl\/index.php\/wp-json\/wp\/v2\/media?parent=23011"}],"wp:term":[{"taxonomy":"category","embeddable":true,"href":"https:\/\/przedszkole61.edu.wroclaw.pl\/index.php\/wp-json\/wp\/v2\/categories?post=23011"},{"taxonomy":"post_tag","embeddable":true,"href":"https:\/\/przedszkole61.edu.wroclaw.pl\/index.php\/wp-json\/wp\/v2\/tags?post=23011"}],"curies":[{"name":"wp","href":"https:\/\/api.w.org\/{rel}","templated":true}]}}