
{"id":23046,"date":"2018-10-15T00:00:00","date_gmt":"2018-10-14T22:00:00","guid":{"rendered":"https:\/\/przedszkole61.edu.wroclaw.pl\/index.php\/2018\/10\/15\/spotkanie-z-muzyka-19\/"},"modified":"2021-04-02T13:33:05","modified_gmt":"2021-04-02T11:33:05","slug":"spotkanie-z-muzyka-19","status":"publish","type":"post","link":"https:\/\/przedszkole61.edu.wroclaw.pl\/index.php\/2018\/10\/15\/spotkanie-z-muzyka-19\/","title":{"rendered":"&#8222;Na perkusji sobie gram &#8230; &#8222;"},"content":{"rendered":"<p><strong>15 pa\u017adziernika 2018 <\/strong>podczas Spotkania z muzyk\u0105 w roli g\u0142\u00f3wnej wyst\u0105pi\u0142a &#8211; perkusja. By\u0142o g\u0142o\u015bno, by\u0142o weso\u0142o, by\u0142o rado\u015bnie!<!--more--><\/p>\n<p>\u00a0<\/p>\n<p>\u00a0<\/p>\n\n","protected":false},"excerpt":{"rendered":"<p>15 pa\u017adziernika 2018 podczas Spotkania z muzyk\u0105 w roli g\u0142\u00f3wnej wyst\u0105pi\u0142a &#8211; perkusja. By\u0142o g\u0142o\u015bno, by\u0142o weso\u0142o, by\u0142o rado\u015bnie!<\/p>\n","protected":false},"author":186,"featured_media":23047,"comment_status":"closed","ping_status":"open","sticky":false,"template":"","format":"standard","meta":{"ngg_post_thumbnail":0,"footnotes":""},"categories":[8],"tags":[],"class_list":["post-23046","post","type-post","status-publish","format-standard","has-post-thumbnail","hentry","category-wydarzenia","clearfix"],"_links":{"self":[{"href":"https:\/\/przedszkole61.edu.wroclaw.pl\/index.php\/wp-json\/wp\/v2\/posts\/23046","targetHints":{"allow":["GET"]}}],"collection":[{"href":"https:\/\/przedszkole61.edu.wroclaw.pl\/index.php\/wp-json\/wp\/v2\/posts"}],"about":[{"href":"https:\/\/przedszkole61.edu.wroclaw.pl\/index.php\/wp-json\/wp\/v2\/types\/post"}],"author":[{"embeddable":true,"href":"https:\/\/przedszkole61.edu.wroclaw.pl\/index.php\/wp-json\/wp\/v2\/users\/186"}],"replies":[{"embeddable":true,"href":"https:\/\/przedszkole61.edu.wroclaw.pl\/index.php\/wp-json\/wp\/v2\/comments?post=23046"}],"version-history":[{"count":1,"href":"https:\/\/przedszkole61.edu.wroclaw.pl\/index.php\/wp-json\/wp\/v2\/posts\/23046\/revisions"}],"predecessor-version":[{"id":24903,"href":"https:\/\/przedszkole61.edu.wroclaw.pl\/index.php\/wp-json\/wp\/v2\/posts\/23046\/revisions\/24903"}],"wp:featuredmedia":[{"embeddable":true,"href":"https:\/\/przedszkole61.edu.wroclaw.pl\/index.php\/wp-json\/wp\/v2\/media\/23047"}],"wp:attachment":[{"href":"https:\/\/przedszkole61.edu.wroclaw.pl\/index.php\/wp-json\/wp\/v2\/media?parent=23046"}],"wp:term":[{"taxonomy":"category","embeddable":true,"href":"https:\/\/przedszkole61.edu.wroclaw.pl\/index.php\/wp-json\/wp\/v2\/categories?post=23046"},{"taxonomy":"post_tag","embeddable":true,"href":"https:\/\/przedszkole61.edu.wroclaw.pl\/index.php\/wp-json\/wp\/v2\/tags?post=23046"}],"curies":[{"name":"wp","href":"https:\/\/api.w.org\/{rel}","templated":true}]}}