
{"id":23050,"date":"2018-10-18T00:00:00","date_gmt":"2018-10-17T22:00:00","guid":{"rendered":"https:\/\/przedszkole61.edu.wroclaw.pl\/index.php\/2018\/10\/18\/gajowickie-skrzaty-dla-niepodleglej\/"},"modified":"2021-04-02T13:33:05","modified_gmt":"2021-04-02T11:33:05","slug":"gajowickie-skrzaty-dla-niepodleglej","status":"publish","type":"post","link":"https:\/\/przedszkole61.edu.wroclaw.pl\/index.php\/2018\/10\/18\/gajowickie-skrzaty-dla-niepodleglej\/","title":{"rendered":"&#8222;Gajowickie Skrzaty &#8211; dla Niepodleg\u0142ej&#8221;"},"content":{"rendered":"<p><strong>18 pa\u017adziernika 2018<\/strong> dyrektor przedszkola &#8211; Joanna Jandy, uroczy\u015bcie otworzy\u0142a wystaw\u0119 obraz\u00f3w \u201eGajowickie Skrzaty &#8211;\u00a0 dla Niepodleg\u0142ej\u201d, namalowanych przez Rodzic\u00f3w oraz Dzieci. <!--more-->Obrazy mo\u017cna podziwia\u0107 w Galerii \u201ePod Chmurk\u0105\u201d (zewn\u0119trzne ogrodzenie przedszkola).<\/p>\n<p><strong>Dzi\u0119kujemy Rodzicom za udzia\u0142, zaanga\u017cowanie oraz pomoc w realizacji zada\u0144 wychowania patriotycznego.<\/strong><\/p>\n\n","protected":false},"excerpt":{"rendered":"<p>18 pa\u017adziernika 2018 dyrektor przedszkola &#8211; Joanna Jandy, uroczy\u015bcie otworzy\u0142a wystaw\u0119 obraz\u00f3w \u201eGajowickie Skrzaty &#8211;\u00a0 dla Niepodleg\u0142ej\u201d, namalowanych przez Rodzic\u00f3w oraz Dzieci.<\/p>\n","protected":false},"author":186,"featured_media":23051,"comment_status":"closed","ping_status":"open","sticky":false,"template":"","format":"standard","meta":{"ngg_post_thumbnail":0,"footnotes":""},"categories":[8],"tags":[],"class_list":["post-23050","post","type-post","status-publish","format-standard","has-post-thumbnail","hentry","category-wydarzenia","clearfix"],"_links":{"self":[{"href":"https:\/\/przedszkole61.edu.wroclaw.pl\/index.php\/wp-json\/wp\/v2\/posts\/23050","targetHints":{"allow":["GET"]}}],"collection":[{"href":"https:\/\/przedszkole61.edu.wroclaw.pl\/index.php\/wp-json\/wp\/v2\/posts"}],"about":[{"href":"https:\/\/przedszkole61.edu.wroclaw.pl\/index.php\/wp-json\/wp\/v2\/types\/post"}],"author":[{"embeddable":true,"href":"https:\/\/przedszkole61.edu.wroclaw.pl\/index.php\/wp-json\/wp\/v2\/users\/186"}],"replies":[{"embeddable":true,"href":"https:\/\/przedszkole61.edu.wroclaw.pl\/index.php\/wp-json\/wp\/v2\/comments?post=23050"}],"version-history":[{"count":1,"href":"https:\/\/przedszkole61.edu.wroclaw.pl\/index.php\/wp-json\/wp\/v2\/posts\/23050\/revisions"}],"predecessor-version":[{"id":24904,"href":"https:\/\/przedszkole61.edu.wroclaw.pl\/index.php\/wp-json\/wp\/v2\/posts\/23050\/revisions\/24904"}],"wp:featuredmedia":[{"embeddable":true,"href":"https:\/\/przedszkole61.edu.wroclaw.pl\/index.php\/wp-json\/wp\/v2\/media\/23051"}],"wp:attachment":[{"href":"https:\/\/przedszkole61.edu.wroclaw.pl\/index.php\/wp-json\/wp\/v2\/media?parent=23050"}],"wp:term":[{"taxonomy":"category","embeddable":true,"href":"https:\/\/przedszkole61.edu.wroclaw.pl\/index.php\/wp-json\/wp\/v2\/categories?post=23050"},{"taxonomy":"post_tag","embeddable":true,"href":"https:\/\/przedszkole61.edu.wroclaw.pl\/index.php\/wp-json\/wp\/v2\/tags?post=23050"}],"curies":[{"name":"wp","href":"https:\/\/api.w.org\/{rel}","templated":true}]}}