
{"id":23079,"date":"2018-10-29T00:00:00","date_gmt":"2018-10-28T23:00:00","guid":{"rendered":"https:\/\/przedszkole61.edu.wroclaw.pl\/index.php\/2018\/10\/29\/wystawa-obrazow-gajowickie-skrzaty-dla-niepodleglej\/"},"modified":"2021-04-02T13:33:06","modified_gmt":"2021-04-02T11:33:06","slug":"wystawa-obrazow-gajowickie-skrzaty-dla-niepodleglej","status":"publish","type":"post","link":"https:\/\/przedszkole61.edu.wroclaw.pl\/index.php\/2018\/10\/29\/wystawa-obrazow-gajowickie-skrzaty-dla-niepodleglej\/","title":{"rendered":"Wystawa obraz\u00f3w &#8222;Gajowickie Skrzaty dla Niepodleg\u0142ej&#8221;"},"content":{"rendered":"<p><strong>W zwi\u0105zku z obchodami setnej rocznicy odzyskania przez Polsk\u0119 Niepodleg\u0142o\u015bci, zapraszamy mieszka\u0144c\u00f3w Wroc\u0142awia i okolic, na wystaw\u0119 obraz\u00f3w &#8222;Gajowickie Skrzaty dla Niepodleg\u0142ej&#8221;, namalowanych przez Rodzic\u00f3w oraz Dzieci z naszego przedszkola. Wystaw\u0119 mo\u017cna ogl\u0105da\u0107 codziennie w Galerii &#8222;Pod Chmurk\u0105&#8221; (zewn\u0119trzne ogrodzenie przedszkola).<\/strong><!--more--><\/p>\n\n","protected":false},"excerpt":{"rendered":"<p>W zwi\u0105zku z obchodami setnej rocznicy odzyskania przez Polsk\u0119 Niepodleg\u0142o\u015bci, zapraszamy mieszka\u0144c\u00f3w Wroc\u0142awia i okolic, na wystaw\u0119 obraz\u00f3w &#8222;Gajowickie Skrzaty dla Niepodleg\u0142ej&#8221;, namalowanych przez Rodzic\u00f3w oraz Dzieci z naszego przedszkola. [&hellip;]<\/p>\n","protected":false},"author":186,"featured_media":23080,"comment_status":"closed","ping_status":"open","sticky":false,"template":"","format":"standard","meta":{"ngg_post_thumbnail":0,"footnotes":""},"categories":[8],"tags":[],"class_list":["post-23079","post","type-post","status-publish","format-standard","has-post-thumbnail","hentry","category-wydarzenia","clearfix"],"_links":{"self":[{"href":"https:\/\/przedszkole61.edu.wroclaw.pl\/index.php\/wp-json\/wp\/v2\/posts\/23079","targetHints":{"allow":["GET"]}}],"collection":[{"href":"https:\/\/przedszkole61.edu.wroclaw.pl\/index.php\/wp-json\/wp\/v2\/posts"}],"about":[{"href":"https:\/\/przedszkole61.edu.wroclaw.pl\/index.php\/wp-json\/wp\/v2\/types\/post"}],"author":[{"embeddable":true,"href":"https:\/\/przedszkole61.edu.wroclaw.pl\/index.php\/wp-json\/wp\/v2\/users\/186"}],"replies":[{"embeddable":true,"href":"https:\/\/przedszkole61.edu.wroclaw.pl\/index.php\/wp-json\/wp\/v2\/comments?post=23079"}],"version-history":[{"count":1,"href":"https:\/\/przedszkole61.edu.wroclaw.pl\/index.php\/wp-json\/wp\/v2\/posts\/23079\/revisions"}],"predecessor-version":[{"id":24908,"href":"https:\/\/przedszkole61.edu.wroclaw.pl\/index.php\/wp-json\/wp\/v2\/posts\/23079\/revisions\/24908"}],"wp:featuredmedia":[{"embeddable":true,"href":"https:\/\/przedszkole61.edu.wroclaw.pl\/index.php\/wp-json\/wp\/v2\/media\/23080"}],"wp:attachment":[{"href":"https:\/\/przedszkole61.edu.wroclaw.pl\/index.php\/wp-json\/wp\/v2\/media?parent=23079"}],"wp:term":[{"taxonomy":"category","embeddable":true,"href":"https:\/\/przedszkole61.edu.wroclaw.pl\/index.php\/wp-json\/wp\/v2\/categories?post=23079"},{"taxonomy":"post_tag","embeddable":true,"href":"https:\/\/przedszkole61.edu.wroclaw.pl\/index.php\/wp-json\/wp\/v2\/tags?post=23079"}],"curies":[{"name":"wp","href":"https:\/\/api.w.org\/{rel}","templated":true}]}}