
{"id":23150,"date":"2018-11-30T00:00:00","date_gmt":"2018-11-29T23:00:00","guid":{"rendered":"https:\/\/przedszkole61.edu.wroclaw.pl\/index.php\/2018\/11\/30\/dziel-sie-zielenia\/"},"modified":"2021-04-02T13:33:06","modified_gmt":"2021-04-02T11:33:06","slug":"dziel-sie-zielenia","status":"publish","type":"post","link":"https:\/\/przedszkole61.edu.wroclaw.pl\/index.php\/2018\/11\/30\/dziel-sie-zielenia\/","title":{"rendered":"&#8222;Dziel si\u0119 zieleni\u0105&#8221;"},"content":{"rendered":"<p><strong>30 listopada 2018<\/strong> &#8222;Gajowickie Skrzaty&#8221; z grupy V wzi\u0119\u0142y udzia\u0142 w akcji &#8222;Dziel si\u0119 zieleni\u0105&#8221;. Akcja ma na celu zach\u0119ci\u0107 dzieci i ich najbli\u017cszych do zazieleniania swojego otoczenia i dbania o przyrod\u0119. <strong>Organizator akcji: Dotlenieni. org<\/strong><!--more--><\/p>\n<p><strong>Do\u0142\u0105cz do zielonej spo\u0142eczno\u015bci &#8211; posad\u017a ro\u015blin\u0119!\u00a0 <\/strong><\/p>\n\n","protected":false},"excerpt":{"rendered":"<p>30 listopada 2018 &#8222;Gajowickie Skrzaty&#8221; z grupy V wzi\u0119\u0142y udzia\u0142 w akcji &#8222;Dziel si\u0119 zieleni\u0105&#8221;. Akcja ma na celu zach\u0119ci\u0107 dzieci i ich najbli\u017cszych do zazieleniania swojego otoczenia i dbania [&hellip;]<\/p>\n","protected":false},"author":186,"featured_media":23151,"comment_status":"closed","ping_status":"open","sticky":false,"template":"","format":"standard","meta":{"ngg_post_thumbnail":0,"footnotes":""},"categories":[8],"tags":[],"class_list":["post-23150","post","type-post","status-publish","format-standard","has-post-thumbnail","hentry","category-wydarzenia","clearfix"],"_links":{"self":[{"href":"https:\/\/przedszkole61.edu.wroclaw.pl\/index.php\/wp-json\/wp\/v2\/posts\/23150","targetHints":{"allow":["GET"]}}],"collection":[{"href":"https:\/\/przedszkole61.edu.wroclaw.pl\/index.php\/wp-json\/wp\/v2\/posts"}],"about":[{"href":"https:\/\/przedszkole61.edu.wroclaw.pl\/index.php\/wp-json\/wp\/v2\/types\/post"}],"author":[{"embeddable":true,"href":"https:\/\/przedszkole61.edu.wroclaw.pl\/index.php\/wp-json\/wp\/v2\/users\/186"}],"replies":[{"embeddable":true,"href":"https:\/\/przedszkole61.edu.wroclaw.pl\/index.php\/wp-json\/wp\/v2\/comments?post=23150"}],"version-history":[{"count":1,"href":"https:\/\/przedszkole61.edu.wroclaw.pl\/index.php\/wp-json\/wp\/v2\/posts\/23150\/revisions"}],"predecessor-version":[{"id":24919,"href":"https:\/\/przedszkole61.edu.wroclaw.pl\/index.php\/wp-json\/wp\/v2\/posts\/23150\/revisions\/24919"}],"wp:featuredmedia":[{"embeddable":true,"href":"https:\/\/przedszkole61.edu.wroclaw.pl\/index.php\/wp-json\/wp\/v2\/media\/23151"}],"wp:attachment":[{"href":"https:\/\/przedszkole61.edu.wroclaw.pl\/index.php\/wp-json\/wp\/v2\/media?parent=23150"}],"wp:term":[{"taxonomy":"category","embeddable":true,"href":"https:\/\/przedszkole61.edu.wroclaw.pl\/index.php\/wp-json\/wp\/v2\/categories?post=23150"},{"taxonomy":"post_tag","embeddable":true,"href":"https:\/\/przedszkole61.edu.wroclaw.pl\/index.php\/wp-json\/wp\/v2\/tags?post=23150"}],"curies":[{"name":"wp","href":"https:\/\/api.w.org\/{rel}","templated":true}]}}