
{"id":23158,"date":"2018-11-30T00:00:00","date_gmt":"2018-11-29T23:00:00","guid":{"rendered":"https:\/\/przedszkole61.edu.wroclaw.pl\/index.php\/2018\/11\/30\/kraina-swietego-mikolaja\/"},"modified":"2021-04-02T13:33:06","modified_gmt":"2021-04-02T11:33:06","slug":"kraina-swietego-mikolaja","status":"publish","type":"post","link":"https:\/\/przedszkole61.edu.wroclaw.pl\/index.php\/2018\/11\/30\/kraina-swietego-mikolaja\/","title":{"rendered":"&#8222;Kraina \u015awi\u0119tego Miko\u0142aja&#8221;"},"content":{"rendered":"<p><strong>Gdzie mieszka \u015aw. Miko\u0142aj? Czy ma d\u0142ug\u0105 brod\u0119?<\/strong> Odpowiedzi na te i wiele innych pyta\u0144, dzieci pozna\u0142y podczas prezentacji multimedialnej, przygotowanej przez Mam\u0119 Kaja z grupy II \u2013 Dzi\u0119kujemy! <strong>\u015awi\u0119ty Miko\u0142aju \u2013 czekamy na Ciebie!<\/strong><!--more--><\/p>\n<p>\u00a0<\/p>\n\n","protected":false},"excerpt":{"rendered":"<p>Gdzie mieszka \u015aw. Miko\u0142aj? Czy ma d\u0142ug\u0105 brod\u0119? Odpowiedzi na te i wiele innych pyta\u0144, dzieci pozna\u0142y podczas prezentacji multimedialnej, przygotowanej przez Mam\u0119 Kaja z grupy II \u2013 Dzi\u0119kujemy! \u015awi\u0119ty [&hellip;]<\/p>\n","protected":false},"author":186,"featured_media":23159,"comment_status":"closed","ping_status":"open","sticky":false,"template":"","format":"standard","meta":{"ngg_post_thumbnail":0,"footnotes":""},"categories":[8],"tags":[],"class_list":["post-23158","post","type-post","status-publish","format-standard","has-post-thumbnail","hentry","category-wydarzenia","clearfix"],"_links":{"self":[{"href":"https:\/\/przedszkole61.edu.wroclaw.pl\/index.php\/wp-json\/wp\/v2\/posts\/23158","targetHints":{"allow":["GET"]}}],"collection":[{"href":"https:\/\/przedszkole61.edu.wroclaw.pl\/index.php\/wp-json\/wp\/v2\/posts"}],"about":[{"href":"https:\/\/przedszkole61.edu.wroclaw.pl\/index.php\/wp-json\/wp\/v2\/types\/post"}],"author":[{"embeddable":true,"href":"https:\/\/przedszkole61.edu.wroclaw.pl\/index.php\/wp-json\/wp\/v2\/users\/186"}],"replies":[{"embeddable":true,"href":"https:\/\/przedszkole61.edu.wroclaw.pl\/index.php\/wp-json\/wp\/v2\/comments?post=23158"}],"version-history":[{"count":1,"href":"https:\/\/przedszkole61.edu.wroclaw.pl\/index.php\/wp-json\/wp\/v2\/posts\/23158\/revisions"}],"predecessor-version":[{"id":24921,"href":"https:\/\/przedszkole61.edu.wroclaw.pl\/index.php\/wp-json\/wp\/v2\/posts\/23158\/revisions\/24921"}],"wp:featuredmedia":[{"embeddable":true,"href":"https:\/\/przedszkole61.edu.wroclaw.pl\/index.php\/wp-json\/wp\/v2\/media\/23159"}],"wp:attachment":[{"href":"https:\/\/przedszkole61.edu.wroclaw.pl\/index.php\/wp-json\/wp\/v2\/media?parent=23158"}],"wp:term":[{"taxonomy":"category","embeddable":true,"href":"https:\/\/przedszkole61.edu.wroclaw.pl\/index.php\/wp-json\/wp\/v2\/categories?post=23158"},{"taxonomy":"post_tag","embeddable":true,"href":"https:\/\/przedszkole61.edu.wroclaw.pl\/index.php\/wp-json\/wp\/v2\/tags?post=23158"}],"curies":[{"name":"wp","href":"https:\/\/api.w.org\/{rel}","templated":true}]}}