
{"id":23169,"date":"2018-12-07T00:00:00","date_gmt":"2018-12-06T23:00:00","guid":{"rendered":"https:\/\/przedszkole61.edu.wroclaw.pl\/index.php\/2018\/12\/07\/spotkanie-z-mikolajem\/"},"modified":"2021-04-02T13:33:06","modified_gmt":"2021-04-02T11:33:06","slug":"spotkanie-z-mikolajem","status":"publish","type":"post","link":"https:\/\/przedszkole61.edu.wroclaw.pl\/index.php\/2018\/12\/07\/spotkanie-z-mikolajem\/","title":{"rendered":"&#8222;Spotkanie z Miko\u0142ajem&#8221;"},"content":{"rendered":"<p><strong>7 grudnia 2018<\/strong> \u015awi\u0119ty Miko\u0142aj, razem ze swoim pomocnikiem Elfem, ponownie odwiedzi\u0142 nasze przedszkole, by wsp\u00f3lnie z dzie\u0107mi weso\u0142o bawi\u0107 si\u0119, \u015bpiewa\u0107 i ta\u0144czy\u0107. By\u0142o rewelacyjnie! <!--more--><strong>Przedstawienie pt.: &#8222;Spotkanie z Miko\u0142ajem&#8221; z aktywnym udzia\u0142em dzieci, przygotowa\u0142a Agencja Artystyczna &#8222;Rewelacja&#8221;; a organizatorem i sponsorem tego wydarzenia w naszym przedszkolu by\u0142a Rada Osiedla \u201eBorek&#8221; \u2013 Dzi\u0119kujemy!<\/strong><\/p>\n\n","protected":false},"excerpt":{"rendered":"<p>7 grudnia 2018 \u015awi\u0119ty Miko\u0142aj, razem ze swoim pomocnikiem Elfem, ponownie odwiedzi\u0142 nasze przedszkole, by wsp\u00f3lnie z dzie\u0107mi weso\u0142o bawi\u0107 si\u0119, \u015bpiewa\u0107 i ta\u0144czy\u0107. By\u0142o rewelacyjnie!<\/p>\n","protected":false},"author":186,"featured_media":23170,"comment_status":"closed","ping_status":"open","sticky":false,"template":"","format":"standard","meta":{"ngg_post_thumbnail":0,"footnotes":""},"categories":[8],"tags":[],"class_list":["post-23169","post","type-post","status-publish","format-standard","has-post-thumbnail","hentry","category-wydarzenia","clearfix"],"_links":{"self":[{"href":"https:\/\/przedszkole61.edu.wroclaw.pl\/index.php\/wp-json\/wp\/v2\/posts\/23169","targetHints":{"allow":["GET"]}}],"collection":[{"href":"https:\/\/przedszkole61.edu.wroclaw.pl\/index.php\/wp-json\/wp\/v2\/posts"}],"about":[{"href":"https:\/\/przedszkole61.edu.wroclaw.pl\/index.php\/wp-json\/wp\/v2\/types\/post"}],"author":[{"embeddable":true,"href":"https:\/\/przedszkole61.edu.wroclaw.pl\/index.php\/wp-json\/wp\/v2\/users\/186"}],"replies":[{"embeddable":true,"href":"https:\/\/przedszkole61.edu.wroclaw.pl\/index.php\/wp-json\/wp\/v2\/comments?post=23169"}],"version-history":[{"count":1,"href":"https:\/\/przedszkole61.edu.wroclaw.pl\/index.php\/wp-json\/wp\/v2\/posts\/23169\/revisions"}],"predecessor-version":[{"id":24923,"href":"https:\/\/przedszkole61.edu.wroclaw.pl\/index.php\/wp-json\/wp\/v2\/posts\/23169\/revisions\/24923"}],"wp:featuredmedia":[{"embeddable":true,"href":"https:\/\/przedszkole61.edu.wroclaw.pl\/index.php\/wp-json\/wp\/v2\/media\/23170"}],"wp:attachment":[{"href":"https:\/\/przedszkole61.edu.wroclaw.pl\/index.php\/wp-json\/wp\/v2\/media?parent=23169"}],"wp:term":[{"taxonomy":"category","embeddable":true,"href":"https:\/\/przedszkole61.edu.wroclaw.pl\/index.php\/wp-json\/wp\/v2\/categories?post=23169"},{"taxonomy":"post_tag","embeddable":true,"href":"https:\/\/przedszkole61.edu.wroclaw.pl\/index.php\/wp-json\/wp\/v2\/tags?post=23169"}],"curies":[{"name":"wp","href":"https:\/\/api.w.org\/{rel}","templated":true}]}}