
{"id":23198,"date":"2019-01-04T00:00:00","date_gmt":"2019-01-03T23:00:00","guid":{"rendered":"https:\/\/przedszkole61.edu.wroclaw.pl\/index.php\/2019\/01\/04\/uroczyste-nadanie-imion-przedszkolnym-krasnoludkom\/"},"modified":"2021-04-02T13:33:08","modified_gmt":"2021-04-02T11:33:08","slug":"uroczyste-nadanie-imion-przedszkolnym-krasnoludkom","status":"publish","type":"post","link":"https:\/\/przedszkole61.edu.wroclaw.pl\/index.php\/2019\/01\/04\/uroczyste-nadanie-imion-przedszkolnym-krasnoludkom\/","title":{"rendered":"Uroczyste nadanie imion Skrzatom Przedszkolnym"},"content":{"rendered":"<p><strong>4 stycznia 2019<\/strong>\u00a0 dyrektor przedszkola &#8211; \u00a0Joanna Jandy, uroczy\u015bcie nada\u0142a imiona Skrzatom przedszkolnym. Imiona Skrzat\u00f3w zosta\u0142y dopasowane do ich cech charakteru oraz zachowania; i nazywaj\u0105 si\u0119: Szanu\u015b, Pracu\u015b, Toleru\u015b, Dzielu\u015b, Pomagu\u015b.<!--more--> B\u0119d\u0105 nas uczy\u0142y: szacunku, pracowito\u015bci, tolerancji, umiej\u0119tno\u015bci dzielenia si\u0119 z innymi oraz pomagania. Na zako\u0144czenie uroczysto\u015bci ka\u017cda grupa wylosowa\u0142a swojego Skrzata, kt\u00f3rego pomaluje i si\u0119 nim zaopiekuje:<\/p>\n<p>Grupa I &#8211; Skrzata Szanusia<\/p>\n<p>Grupa II &#8211; Skrzata Pracusia<\/p>\n<p>Grupa III &#8211; Skrzata Tolerusia<\/p>\n<p>Grupa IV &#8211; Skrzata Dzielusia<\/p>\n<p>Grupa V &#8211; Skrzata Pomagusia<\/p>\n<p><strong><em>\u201eCzy to bajka, czy nie bajka,<\/em><\/strong><br \/>\n<strong> <em>My\u015blcie sobie, jak tam chcecie.<\/em><\/strong><br \/>\n<strong> <em>A ja przecie\u017c wam powiadam:<\/em><\/strong><br \/>\n<em><strong>Skrzaty<\/strong><\/em> <em><strong>s\u0105 \u2026 w naszym przedszkolu\u201d.<\/strong> M. Konopnicka<\/em><\/p>\n\n","protected":false},"excerpt":{"rendered":"<p>4 stycznia 2019\u00a0 dyrektor przedszkola &#8211; \u00a0Joanna Jandy, uroczy\u015bcie nada\u0142a imiona Skrzatom przedszkolnym. Imiona Skrzat\u00f3w zosta\u0142y dopasowane do ich cech charakteru oraz zachowania; i nazywaj\u0105 si\u0119: Szanu\u015b, Pracu\u015b, Toleru\u015b, Dzielu\u015b, [&hellip;]<\/p>\n","protected":false},"author":186,"featured_media":23199,"comment_status":"closed","ping_status":"open","sticky":false,"template":"","format":"standard","meta":{"ngg_post_thumbnail":0,"footnotes":""},"categories":[8],"tags":[],"class_list":["post-23198","post","type-post","status-publish","format-standard","has-post-thumbnail","hentry","category-wydarzenia","clearfix"],"_links":{"self":[{"href":"https:\/\/przedszkole61.edu.wroclaw.pl\/index.php\/wp-json\/wp\/v2\/posts\/23198","targetHints":{"allow":["GET"]}}],"collection":[{"href":"https:\/\/przedszkole61.edu.wroclaw.pl\/index.php\/wp-json\/wp\/v2\/posts"}],"about":[{"href":"https:\/\/przedszkole61.edu.wroclaw.pl\/index.php\/wp-json\/wp\/v2\/types\/post"}],"author":[{"embeddable":true,"href":"https:\/\/przedszkole61.edu.wroclaw.pl\/index.php\/wp-json\/wp\/v2\/users\/186"}],"replies":[{"embeddable":true,"href":"https:\/\/przedszkole61.edu.wroclaw.pl\/index.php\/wp-json\/wp\/v2\/comments?post=23198"}],"version-history":[{"count":1,"href":"https:\/\/przedszkole61.edu.wroclaw.pl\/index.php\/wp-json\/wp\/v2\/posts\/23198\/revisions"}],"predecessor-version":[{"id":24929,"href":"https:\/\/przedszkole61.edu.wroclaw.pl\/index.php\/wp-json\/wp\/v2\/posts\/23198\/revisions\/24929"}],"wp:featuredmedia":[{"embeddable":true,"href":"https:\/\/przedszkole61.edu.wroclaw.pl\/index.php\/wp-json\/wp\/v2\/media\/23199"}],"wp:attachment":[{"href":"https:\/\/przedszkole61.edu.wroclaw.pl\/index.php\/wp-json\/wp\/v2\/media?parent=23198"}],"wp:term":[{"taxonomy":"category","embeddable":true,"href":"https:\/\/przedszkole61.edu.wroclaw.pl\/index.php\/wp-json\/wp\/v2\/categories?post=23198"},{"taxonomy":"post_tag","embeddable":true,"href":"https:\/\/przedszkole61.edu.wroclaw.pl\/index.php\/wp-json\/wp\/v2\/tags?post=23198"}],"curies":[{"name":"wp","href":"https:\/\/api.w.org\/{rel}","templated":true}]}}